{"id":1640,"date":"2021-10-30T19:15:01","date_gmt":"2021-10-30T19:15:01","guid":{"rendered":"https:\/\/saf-wien.at\/wpneu\/index.php\/2021\/10\/30\/grieskirchner-grunes-band-2021\/"},"modified":"2022-04-01T15:55:52","modified_gmt":"2022-04-01T15:55:52","slug":"grieskirchner-grunes-band-2021","status":"publish","type":"post","link":"https:\/\/saf-wien.at\/wpneu\/index.php\/2021\/10\/30\/grieskirchner-grunes-band-2021\/","title":{"rendered":"Grieskirchner Gr\u00fcnes Band 2021"},"content":{"rendered":"<p>Die letzte Regatta im Herbst auf der neuen Donau fand am 26. Oktober statt. Auch diesmal war die Regatta &#8222;Grieskirchner Gr\u00fcnes Band&#8220; eine besondere. Diesmal war eine wirklich lange Wettfahrt bis zur Reichsbr\u00fccke und retour geplant. 10 Boote haben daran teilgenommen. <br \/><img decoding=\"async\" src=\"https:\/\/saf-wien.at\/wpneu\/wp-content\/uploads\/2022\/03\/Teilnehmer.jpg\" alt=\"10 Teilnehmer am Vorwind\" \/>F\u00fcr den SAF war Dieter dabei. Leider ist Arno ausgefallen, daher \u00fcbernahm Herbert seinen Platz. <br \/><img decoding=\"async\" src=\"https:\/\/saf-wien.at\/wpneu\/wp-content\/uploads\/2022\/03\/HerbertDieter.jpg\" alt=\"\" \/>Aber der Wind wehte sehr schwach und daher wurde bei der Nordbr\u00fccke abgek\u00fcrzt. <br \/><img decoding=\"async\" src=\"https:\/\/saf-wien.at\/wpneu\/wp-content\/uploads\/2022\/03\/Wendemarke.jpg\" alt=\"Br\u00fcckenpfeiler als Wendemarke\" \/>Kaum hat das erste Boot die neue Wendemarke gerundet, kam Wind auf. <br \/><img decoding=\"async\" src=\"https:\/\/saf-wien.at\/wpneu\/wp-content\/uploads\/2022\/03\/Wind.jpg\" alt=\"Trapezbereitschaft auf der Kreuz\" \/>Daher dauerte die Kreuz weitaus k\u00fcrzer als der Vorwind. Das schnellste Boot war Anton mit Wenzel auf einer Aquila (siehe obiges Bild). <br \/>Nach berechneter Zeit hat Herbert mit Dieter gewonnen. Zweite wurden Anton und Wenzel. Den dritten Platz erreichte Moritz (er war einer der zwei Einzelk\u00e4mpfer) <br \/><img decoding=\"async\" src=\"https:\/\/saf-wien.at\/wpneu\/wp-content\/uploads\/2022\/03\/Sieger.jpg\" alt=\"Podest\" \/>Das Ergebnis ist <a href=\"https:\/\/regatta365.com\/stream\/results\/file\/4459.pdf\/name\/Grieskirchner%20Gr%C3%BCnes%20Band%20(Herbsttermin)Ergebnisse_Yardstick.pdf\">hier<\/a> zu finden.<\/p>\n<p>Die Fotos wurden von Christof Amann zur Verf\u00fcgung gestellt.<\/p>\n","protected":false},"excerpt":{"rendered":"<p>Die letzte Regatta im Herbst auf der neuen Donau fand am 26. Oktober statt. Auch diesmal war die Regatta &#8222;Grieskirchner Gr\u00fcnes Band&#8220; eine besondere. Diesmal war eine wirklich lange Wettfahrt bis zur Reichsbr\u00fccke und retour geplant. 10 Boote haben daran teilgenommen. F\u00fcr den SAF war Dieter dabei. Leider ist Arno ausgefallen, daher \u00fcbernahm Herbert seinen &#8230; <a title=\"Grieskirchner Gr\u00fcnes Band 2021\" class=\"read-more\" href=\"https:\/\/saf-wien.at\/wpneu\/index.php\/2021\/10\/30\/grieskirchner-grunes-band-2021\/\" aria-label=\"Mehr Informationen \u00fcber Grieskirchner Gr\u00fcnes Band 2021\">Weiterlesen<\/a><\/p>\n","protected":false},"author":3,"featured_media":1630,"comment_status":"open","ping_status":"open","sticky":false,"template":"","format":"standard","meta":{"footnotes":""},"categories":[11,1],"tags":[],"class_list":["post-1640","post","type-post","status-publish","format-standard","has-post-thumbnail","hentry","category-regatta","category-uncategorized"],"_links":{"self":[{"href":"https:\/\/saf-wien.at\/wpneu\/index.php\/wp-json\/wp\/v2\/posts\/1640","targetHints":{"allow":["GET"]}}],"collection":[{"href":"https:\/\/saf-wien.at\/wpneu\/index.php\/wp-json\/wp\/v2\/posts"}],"about":[{"href":"https:\/\/saf-wien.at\/wpneu\/index.php\/wp-json\/wp\/v2\/types\/post"}],"author":[{"embeddable":true,"href":"https:\/\/saf-wien.at\/wpneu\/index.php\/wp-json\/wp\/v2\/users\/3"}],"replies":[{"embeddable":true,"href":"https:\/\/saf-wien.at\/wpneu\/index.php\/wp-json\/wp\/v2\/comments?post=1640"}],"version-history":[{"count":1,"href":"https:\/\/saf-wien.at\/wpneu\/index.php\/wp-json\/wp\/v2\/posts\/1640\/revisions"}],"predecessor-version":[{"id":2408,"href":"https:\/\/saf-wien.at\/wpneu\/index.php\/wp-json\/wp\/v2\/posts\/1640\/revisions\/2408"}],"wp:featuredmedia":[{"embeddable":true,"href":"https:\/\/saf-wien.at\/wpneu\/index.php\/wp-json\/wp\/v2\/posts\/1630"}],"wp:attachment":[{"href":"https:\/\/saf-wien.at\/wpneu\/index.php\/wp-json\/wp\/v2\/media?parent=1640"}],"wp:term":[{"taxonomy":"category","embeddable":true,"href":"https:\/\/saf-wien.at\/wpneu\/index.php\/wp-json\/wp\/v2\/categories?post=1640"},{"taxonomy":"post_tag","embeddable":true,"href":"https:\/\/saf-wien.at\/wpneu\/index.php\/wp-json\/wp\/v2\/tags?post=1640"}],"curies":[{"name":"wp","href":"https:\/\/api.w.org\/{rel}","templated":true}]}}