{"id":1620,"date":"2021-09-12T20:07:56","date_gmt":"2021-09-12T20:07:56","guid":{"rendered":"https:\/\/saf-wien.at\/wpneu\/index.php\/2021\/09\/12\/alte-donau-pokal-2021\/"},"modified":"2025-01-22T12:42:43","modified_gmt":"2025-01-22T12:42:43","slug":"alte-donau-pokal-2021","status":"publish","type":"post","link":"https:\/\/saf-wien.at\/wpneu\/index.php\/2021\/09\/12\/alte-donau-pokal-2021\/","title":{"rendered":"Alte Donau Pokal 2021"},"content":{"rendered":"<p>Am Wochenende des 11. und 12. Septembers hat eine Pirat Regatta auf der Alten Donau beim Yachtclub Seewind stattgefunden. <br \/>Leider gab es nur 6 teilnehmende Boote. F\u00fcr den SAF waren Albert und Dieter am Start. Mit Abstand die weiteste Anreise hatte auf jeden Fall Albert: Er kam mit dem Flugzeug aus Rotterdam.<\/p>\n<p>Am ersten Tag gab es windbedingt keine Wettfahrten. <br \/><img decoding=\"async\" src=\"https:\/\/saf-wien.at\/wpneu\/wp-content\/uploads\/2022\/03\/Socken.jpg\" alt=\"\" \/>Dennoch war dieser Tag ereignisreich &#8211; zumindest f\u00fcr uns beide. Wir haben den Mast gestellt und schoben das Boot bergab Richtung Wasser. Nur pl\u00f6tzlich blockierte irgendetwas. Es war ganz komisch. Es ging bergab und nichts behinderte den Slipwagen. Erst ein Blick in den Himmel offenbarte das Problem. Wir sind mit dem Mast bei einem Kabel h\u00e4ngen geblieben (wahrscheinlich Telefonleitung). Also das Boot wieder ein wenig bergauf ziehen, den Mast umlegen und neben Boot hinunter tragen. Dann stellten wir den Mast wieder ins Boot. Aber da war noch eine Leitung! Also wieder den Mast neben dem Boot tragen bis wir ganz unten waren. <br \/>Wir konnten uns nicht daran erinnern, dass diese Leitungen vor 2 Jahre schon da waren&#8230;<\/p>\n<p>Aber zumindest das Wetter war wundersch\u00f6n &#8211; sonnig und trocken, aber kein Wind. <br \/>So beendeten wir das Warten und beschlossen fr\u00fchzeitig mit dem Grillen zu beginnen. <br \/><img decoding=\"async\" src=\"https:\/\/saf-wien.at\/wpneu\/wp-content\/uploads\/2022\/03\/Grill.jpg\" alt=\"\" \/>F\u00fcr den n\u00e4chsten Tag war Wind ab 9 Uhr in der Fr\u00fch angesagt &#8211; daher wollten wir am Sonntag um 9 Uhr (und nicht um 10 Uhr wie \u00fcblich) starten. <br \/>Das war der Plan &#8211; leider ging der nicht auf. Am Sonntag waren alle rechtzeitig beim Verein. Alle bis auf den Wind. Also warteten wir erneut. <br \/><img decoding=\"async\" src=\"https:\/\/saf-wien.at\/wpneu\/wp-content\/uploads\/2022\/03\/keinWind.jpg\" alt=\"\" \/>Kurz nach 10 Uhr kamen immer wieder B\u00f6en aus Westen, die auf dem sonst spiegelglatten Wasser gut zu sehen waren. Und schlie\u00dflich wehte um halb 11 ein leichter, aber durchgehender Westwind. <br \/>Den nutzen wir und segelten eine Wettfahrt. Danach wurde gleich die zweite gestartet, aber trotz Abk\u00fcrzung hielt der Wind nicht lange genug. Aus unserer Perspektive stand der F\u00fchrende 5 Minuten 10 Meter vor der Ziellinie (in Gew\u00e4ssermitte). Am S\u00fcdufer gab es anscheinend Wind. So schob sich der erste Verfolger vorbei und ging als Erster ins Ziel. <br \/>Danach wollte keiner mehr auf Wind warten und jeder packte zusammen. Gewonnen hat die Familie Gr\u00f6gl, gefolgt von dem Ehepaar Lehner. Dritter wurde das Ehepaar Sterf.<\/p>\n","protected":false},"excerpt":{"rendered":"<p>Am Wochenende des 11. und 12. Septembers hat eine Pirat Regatta auf der Alten Donau beim Yachtclub Seewind stattgefunden. Leider gab es nur 6 teilnehmende Boote. F\u00fcr den SAF waren Albert und Dieter am Start. Mit Abstand die weiteste Anreise hatte auf jeden Fall Albert: Er kam mit dem Flugzeug aus Rotterdam. Am ersten Tag &#8230; <a title=\"Alte Donau Pokal 2021\" class=\"read-more\" href=\"https:\/\/saf-wien.at\/wpneu\/index.php\/2021\/09\/12\/alte-donau-pokal-2021\/\" aria-label=\"Mehr Informationen \u00fcber Alte Donau Pokal 2021\">Weiterlesen<\/a><\/p>\n","protected":false},"author":3,"featured_media":1610,"comment_status":"open","ping_status":"open","sticky":false,"template":"","format":"standard","meta":{"footnotes":""},"categories":[11],"tags":[],"class_list":["post-1620","post","type-post","status-publish","format-standard","has-post-thumbnail","hentry","category-regatta"],"_links":{"self":[{"href":"https:\/\/saf-wien.at\/wpneu\/index.php\/wp-json\/wp\/v2\/posts\/1620","targetHints":{"allow":["GET"]}}],"collection":[{"href":"https:\/\/saf-wien.at\/wpneu\/index.php\/wp-json\/wp\/v2\/posts"}],"about":[{"href":"https:\/\/saf-wien.at\/wpneu\/index.php\/wp-json\/wp\/v2\/types\/post"}],"author":[{"embeddable":true,"href":"https:\/\/saf-wien.at\/wpneu\/index.php\/wp-json\/wp\/v2\/users\/3"}],"replies":[{"embeddable":true,"href":"https:\/\/saf-wien.at\/wpneu\/index.php\/wp-json\/wp\/v2\/comments?post=1620"}],"version-history":[{"count":1,"href":"https:\/\/saf-wien.at\/wpneu\/index.php\/wp-json\/wp\/v2\/posts\/1620\/revisions"}],"predecessor-version":[{"id":2409,"href":"https:\/\/saf-wien.at\/wpneu\/index.php\/wp-json\/wp\/v2\/posts\/1620\/revisions\/2409"}],"wp:featuredmedia":[{"embeddable":true,"href":"https:\/\/saf-wien.at\/wpneu\/index.php\/wp-json\/"}],"wp:attachment":[{"href":"https:\/\/saf-wien.at\/wpneu\/index.php\/wp-json\/wp\/v2\/media?parent=1620"}],"wp:term":[{"taxonomy":"category","embeddable":true,"href":"https:\/\/saf-wien.at\/wpneu\/index.php\/wp-json\/wp\/v2\/categories?post=1620"},{"taxonomy":"post_tag","embeddable":true,"href":"https:\/\/saf-wien.at\/wpneu\/index.php\/wp-json\/wp\/v2\/tags?post=1620"}],"curies":[{"name":"wp","href":"https:\/\/api.w.org\/{rel}","templated":true}]}}