{"id":160,"date":"2016-12-14T14:27:41","date_gmt":"2016-12-14T14:27:41","guid":{"rendered":"https:\/\/saf-wien.at\/wpneu\/index.php\/2016\/12\/14\/nivigrad-die-ii-oder-segeln-im-advent\/"},"modified":"2016-12-14T14:27:41","modified_gmt":"2016-12-14T14:27:41","slug":"nivigrad-die-ii-oder-segeln-im-advent","status":"publish","type":"post","link":"https:\/\/saf-wien.at\/wpneu\/index.php\/2016\/12\/14\/nivigrad-die-ii-oder-segeln-im-advent\/","title":{"rendered":"Novigrad die II. &#8211; oder Segeln im Advent"},"content":{"rendered":"<p><img decoding=\"async\" src=\"https:\/\/saf-wien.at\/wpneu\/wp-content\/uploads\/2022\/03\/DSC_1354-540x960.jpg\" alt=\"\" \/>Schlendert man durch vorweihnachtlich geschm\u00fcckte St\u00e4dtchen, vorbei an Christb\u00e4umen, Christkindlm\u00e4rkten und mit Sternen und Glocken verzierten Stra\u00dfen, denkt man automatisch an &#8230;<\/p>\n<p><img decoding=\"async\" src=\"https:\/\/saf-wien.at\/wpneu\/wp-content\/uploads\/2022\/03\/AlleBooteAufVorwind.jpg\" alt=\"\" \/>&#8230; segeln nat\u00fcrlich \ud83d\ude42<\/p>\n<p>Beim letzten Laser-Training vor Weihnachten in Novigrad erwarteten uns k\u00fchles, aber trockenes Wetter (8 bis 12 Grad Lufttemperatur) und eine leichte Brise aus Nordost und S\u00fcd (6 bis 10 kn). Und wenig, sehr wenig Wasser bei der Slipanlage, so dass das Wassern der Boote ziemlich m\u00fchsam wurde.<\/p>\n<p><img decoding=\"async\" src=\"https:\/\/saf-wien.at\/wpneu\/wp-content\/uploads\/2022\/03\/IMG_2256-648x484.jpg\" alt=\"\" \/>Daf\u00fcr war das Essen umso besser. Mit dabei waren diesmal Moritz, MartL, J\u00f6rg, Helga und Anastasia (von links nach rechts). <\/p>\n","protected":false},"excerpt":{"rendered":"<p>Schlendert man durch vorweihnachtlich geschm\u00fcckte St\u00e4dtchen, vorbei an Christb\u00e4umen, Christkindlm\u00e4rkten und mit Sternen und Glocken verzierten Stra\u00dfen, denkt man automatisch an &#8230; &#8230; segeln nat\u00fcrlich \ud83d\ude42 Beim letzten Laser-Training vor Weihnachten in Novigrad erwarteten uns k\u00fchles, aber trockenes Wetter (8 bis 12 Grad Lufttemperatur) und eine leichte Brise aus Nordost und S\u00fcd (6 bis 10 &#8230; <a title=\"Novigrad die II. &#8211; oder Segeln im Advent\" class=\"read-more\" href=\"https:\/\/saf-wien.at\/wpneu\/index.php\/2016\/12\/14\/nivigrad-die-ii-oder-segeln-im-advent\/\" aria-label=\"Mehr Informationen \u00fcber Novigrad die II. &#8211; oder Segeln im Advent\">Weiterlesen<\/a><\/p>\n","protected":false},"author":1,"featured_media":150,"comment_status":"open","ping_status":"open","sticky":false,"template":"","format":"standard","meta":{"footnotes":""},"categories":[1],"tags":[],"class_list":["post-160","post","type-post","status-publish","format-standard","has-post-thumbnail","hentry","category-uncategorized"],"_links":{"self":[{"href":"https:\/\/saf-wien.at\/wpneu\/index.php\/wp-json\/wp\/v2\/posts\/160","targetHints":{"allow":["GET"]}}],"collection":[{"href":"https:\/\/saf-wien.at\/wpneu\/index.php\/wp-json\/wp\/v2\/posts"}],"about":[{"href":"https:\/\/saf-wien.at\/wpneu\/index.php\/wp-json\/wp\/v2\/types\/post"}],"author":[{"embeddable":true,"href":"https:\/\/saf-wien.at\/wpneu\/index.php\/wp-json\/wp\/v2\/users\/1"}],"replies":[{"embeddable":true,"href":"https:\/\/saf-wien.at\/wpneu\/index.php\/wp-json\/wp\/v2\/comments?post=160"}],"version-history":[{"count":0,"href":"https:\/\/saf-wien.at\/wpneu\/index.php\/wp-json\/wp\/v2\/posts\/160\/revisions"}],"wp:featuredmedia":[{"embeddable":true,"href":"https:\/\/saf-wien.at\/wpneu\/index.php\/wp-json\/wp\/v2\/posts\/150"}],"wp:attachment":[{"href":"https:\/\/saf-wien.at\/wpneu\/index.php\/wp-json\/wp\/v2\/media?parent=160"}],"wp:term":[{"taxonomy":"category","embeddable":true,"href":"https:\/\/saf-wien.at\/wpneu\/index.php\/wp-json\/wp\/v2\/categories?post=160"},{"taxonomy":"post_tag","embeddable":true,"href":"https:\/\/saf-wien.at\/wpneu\/index.php\/wp-json\/wp\/v2\/tags?post=160"}],"curies":[{"name":"wp","href":"https:\/\/api.w.org\/{rel}","templated":true}]}}