{"id":1580,"date":"2021-07-25T19:04:12","date_gmt":"2021-07-25T19:04:12","guid":{"rendered":"https:\/\/saf-wien.at\/wpneu\/index.php\/2021\/07\/25\/osterreichische-staatsmeisterschaft-in-der-klasse-pirat-2021\/"},"modified":"2025-01-22T12:42:45","modified_gmt":"2025-01-22T12:42:45","slug":"osterreichische-staatsmeisterschaft-in-der-klasse-pirat-2021","status":"publish","type":"post","link":"https:\/\/saf-wien.at\/wpneu\/index.php\/2021\/07\/25\/osterreichische-staatsmeisterschaft-in-der-klasse-pirat-2021\/","title":{"rendered":"\u00d6sterreichische Staatsmeisterschaft in der Klasse Pirat 2021"},"content":{"rendered":"<p>Dieses Jahr f\u00fchrte wieder der Segelclub Ebensee die \u00f6sterreichische Staatsmeisterschaft am Traunsee durch. <br \/><img decoding=\"async\" src=\"https:\/\/saf-wien.at\/wpneu\/wp-content\/uploads\/2022\/03\/Traunsee.jpg\" alt=\"Bild vom Traunsee\" \/>Wie \u00fcblich gab es internationale Beteiligung aus Deutschland und Tschechien. <br \/><img decoding=\"async\" src=\"https:\/\/saf-wien.at\/wpneu\/wp-content\/uploads\/2022\/03\/Fahnen.jpg\" alt=\"Fahnen wegen internationaler Beteilung\" \/>F\u00fcr den SAF war ein Team mit Dieter Nunnenmacher und Albert Wolfgang dabei. Gefreut hat mich, dass ein Vereinspirat des SAFs &#8211; die Florentina &#8211; ebenfalls dort gesegelt wurde (von Ronald Schneider und Robert Hammerling).<\/p>\n<p>Auch am Traunsee sind die Folgen des Starkregens sichtbar. Hier gibt es jede Menge Treibholz. Der Club hat beim Slippen daf\u00fcr gesorgt, dass eine Slipanlage benutzbar war. <br \/><img decoding=\"async\" src=\"https:\/\/saf-wien.at\/wpneu\/wp-content\/uploads\/2022\/03\/HolzBeiSlipanlage.jpg\" alt=\"Treibholz bei Slipanlage\" \/><img decoding=\"async\" src=\"https:\/\/saf-wien.at\/wpneu\/wp-content\/uploads\/2022\/03\/HolzImWasser.jpg\" alt=\"Treibholz im Wasser\" \/>Dieses war unberechenbar und durchquerte sowohl das Segelgebiet als auch mitunter die Startlinie. <br \/><img decoding=\"async\" src=\"https:\/\/saf-wien.at\/wpneu\/wp-content\/uploads\/2022\/03\/StartlinieMitHolz.jpg\" alt=\"Startlinie mit Teibholz\" \/>So wie das Gras hat auch das Holz beim Segeln gebremst und man hat es deutlich geh\u00f6rt und auch am Ruder gesp\u00fcrt. Am gemeinsten waren die gro\u00dfen Tr\u00fcmmer die knapp unter der Wasseroberfl\u00e4che schwammen. Diese haben teilweise auch Spuren am Ruderblatt hinterlassen. Das Niro-Schwert hat zum Gl\u00fcck gr\u00f6bere Sch\u00e4den verhindert.<\/p>\n<p>Eine Staatsmeisterschaft wird an 3 Tagen durchgef\u00fchrt &#8211; ein Tag ist ein Reservetag. Da es sowohl am Freitag als auch am Samstag jeweils 4 Wettfahrten am St\u00fcck gefahren werden konnten, war der Reservetag gar nicht mehr notwendig. Da viele einen langen Anreiseweg haben und noch dazu f\u00fcr Sonntag Schlechtwetter angesagt war, waren alle dar\u00fcber gl\u00fccklich. Um ca. 15 Uhr waren schon fast alle Piraten verpackt und reisebereit.<\/p>\n<p>Bei dieser Regatta gab es 2 Wertungen. Eine Gesamtwertung in der der Internationale Staatsmeister 2021 von \u00d6sterreich in der Klasse Pirat gek\u00fcrt wurde. <br \/><img decoding=\"async\" src=\"https:\/\/saf-wien.at\/wpneu\/wp-content\/uploads\/2022\/03\/Preise.jpg\" alt=\"Preise f\u00fcr die Ersten\" \/>Gewonnen hat die Regatta Magnus Hillenberg mit Peter Anders. <br \/>Die Wertung f\u00fcr alle Boote mit rein \u00f6sterreichischer Crews endete wie folgt: <br \/>Gloria und Alexander Lehner, gefolgt von Alexandra und Peter Gr\u00f6gl. Claudia Niemecek und Andreas Decker belegten den dritten Platz. <br \/><img decoding=\"async\" src=\"https:\/\/saf-wien.at\/wpneu\/wp-content\/uploads\/2022\/03\/Gewinner.jpg\" alt=\"Bild Gewinner\" \/><\/p>\n","protected":false},"excerpt":{"rendered":"<p>Dieses Jahr f\u00fchrte wieder der Segelclub Ebensee die \u00f6sterreichische Staatsmeisterschaft am Traunsee durch. Wie \u00fcblich gab es internationale Beteiligung aus Deutschland und Tschechien. F\u00fcr den SAF war ein Team mit Dieter Nunnenmacher und Albert Wolfgang dabei. Gefreut hat mich, dass ein Vereinspirat des SAFs &#8211; die Florentina &#8211; ebenfalls dort gesegelt wurde (von Ronald Schneider &#8230; <a title=\"\u00d6sterreichische Staatsmeisterschaft in der Klasse Pirat 2021\" class=\"read-more\" href=\"https:\/\/saf-wien.at\/wpneu\/index.php\/2021\/07\/25\/osterreichische-staatsmeisterschaft-in-der-klasse-pirat-2021\/\" aria-label=\"Mehr Informationen \u00fcber \u00d6sterreichische Staatsmeisterschaft in der Klasse Pirat 2021\">Weiterlesen<\/a><\/p>\n","protected":false},"author":3,"featured_media":1570,"comment_status":"open","ping_status":"open","sticky":false,"template":"","format":"standard","meta":{"footnotes":""},"categories":[11],"tags":[],"class_list":["post-1580","post","type-post","status-publish","format-standard","has-post-thumbnail","hentry","category-regatta"],"_links":{"self":[{"href":"https:\/\/saf-wien.at\/wpneu\/index.php\/wp-json\/wp\/v2\/posts\/1580","targetHints":{"allow":["GET"]}}],"collection":[{"href":"https:\/\/saf-wien.at\/wpneu\/index.php\/wp-json\/wp\/v2\/posts"}],"about":[{"href":"https:\/\/saf-wien.at\/wpneu\/index.php\/wp-json\/wp\/v2\/types\/post"}],"author":[{"embeddable":true,"href":"https:\/\/saf-wien.at\/wpneu\/index.php\/wp-json\/wp\/v2\/users\/3"}],"replies":[{"embeddable":true,"href":"https:\/\/saf-wien.at\/wpneu\/index.php\/wp-json\/wp\/v2\/comments?post=1580"}],"version-history":[{"count":1,"href":"https:\/\/saf-wien.at\/wpneu\/index.php\/wp-json\/wp\/v2\/posts\/1580\/revisions"}],"predecessor-version":[{"id":2413,"href":"https:\/\/saf-wien.at\/wpneu\/index.php\/wp-json\/wp\/v2\/posts\/1580\/revisions\/2413"}],"wp:featuredmedia":[{"embeddable":true,"href":"https:\/\/saf-wien.at\/wpneu\/index.php\/wp-json\/wp\/v2\/posts\/1570"}],"wp:attachment":[{"href":"https:\/\/saf-wien.at\/wpneu\/index.php\/wp-json\/wp\/v2\/media?parent=1580"}],"wp:term":[{"taxonomy":"category","embeddable":true,"href":"https:\/\/saf-wien.at\/wpneu\/index.php\/wp-json\/wp\/v2\/categories?post=1580"},{"taxonomy":"post_tag","embeddable":true,"href":"https:\/\/saf-wien.at\/wpneu\/index.php\/wp-json\/wp\/v2\/tags?post=1580"}],"curies":[{"name":"wp","href":"https:\/\/api.w.org\/{rel}","templated":true}]}}