{"id":1570,"date":"2021-06-28T19:21:44","date_gmt":"2021-06-28T19:21:44","guid":{"rendered":"https:\/\/saf-wien.at\/wpneu\/index.php\/2021\/06\/28\/wiener-landesmeisterschaft-pirat-und-laser-radial-oder\/"},"modified":"2022-04-01T16:00:00","modified_gmt":"2022-04-01T16:00:00","slug":"wiener-landesmeisterschaft-pirat-und-laser-radial-oder","status":"publish","type":"post","link":"https:\/\/saf-wien.at\/wpneu\/index.php\/2021\/06\/28\/wiener-landesmeisterschaft-pirat-und-laser-radial-oder\/","title":{"rendered":"Wiener Landesmeisterschaft Pirat und Laser Radial oder &#8230;"},"content":{"rendered":"<p><strong>&#8230; Liesl drah di<\/strong><\/p>\n<p>Liesl drah di, Liesl drah di, <br \/>Liesl hopsassa, dirallalla <br \/>Liesl drah di, Liesl drah di, <br \/>Liesl hopsassa, dirallalla. <\/p>\n<p>Wer jetzt glaubt, dass der Autor dieser Zeilen etwas \u00fcbergeschnappt ist, hat sicher nicht unrecht. Denn ein gewisses Ma\u00df an &#8222;\u00fcbergeschnappt sein&#8220; schadet sicher nicht, wenn man an einer Regatta auf der Neuen Donau, liebevoll &#8222;die Rinne&#8220; genannt, teilnehmen will.<\/p>\n<p>Wer die Windbedingungen, speziell bei Nordwest-Wind, auf der Rinne kennt, wird dieses Liedchen sicher richtig interpretieren k\u00f6nnen. Formulieren wir es mal so: extrem stabil, wenn man Richtung und St\u00e4rke betrachtet, war der Wind an diesem Wochenende bestimmt mal nicht. <\/p>\n<p><img decoding=\"async\" src=\"https:\/\/saf-wien.at\/wpneu\/wp-content\/uploads\/2022\/03\/20210626_135928_klein.jpg\" alt=\"Start der Laser, die Piraten auf Warteposition\" title=\"\" \/><\/p>\n<p>2 Bootsklassen, die Piraten und die Laseraties, wollten an diesem Wochenende trotz der eben erw\u00e4hnten &#8222;leicht drehenden&#8220; Winde ihren Landesmeister k\u00fcren. Eine Herausforderung f\u00fcr Segler und Wettfahrtleitung.<\/p>\n<p><img decoding=\"async\" src=\"https:\/\/saf-wien.at\/wpneu\/wp-content\/uploads\/2022\/03\/LaserRadialAusschnitt.jpg\" alt=\"Start der Laser Radial\" title=\"\" \/><br \/>Begonnen haben die Laser Radial. Hier konnte Young Boy Georg klarstellen, wer jetzt der Herr im Hause ist. Dicht gefolgt aber von den beiden Oldies J\u00f6rg und Helga.<\/p>\n<p><img decoding=\"async\" src=\"https:\/\/saf-wien.at\/wpneu\/wp-content\/uploads\/2022\/03\/20210626_153802_klein.jpg\" alt=\"Die Piraten auf der Regattabahn\" title=\"\" \/><br \/>Wer hat wohl die meisten Regatten im Pirat auf der Neuen Donau gewinnen k\u00f6nnen? So in den letzten 20 Jahren? Erraten: Matthias und Manuela hatten auch dieses Mal wieder die Nase vorne.<\/p>\n<p><img decoding=\"async\" src=\"https:\/\/saf-wien.at\/wpneu\/wp-content\/uploads\/2022\/03\/Helmut_Ausschnitt.jpg\" alt=\"Helmut bei seiner 490. Pirat-Regatta\" \/>Was hat die Zahl <strong>490<\/strong> mit dieser Regatta zu tun? Das ist die Anzahl der Regatten, die Helmut in seinem langen Seglerleben an der Pinne seines Piraten absolviert hat. Helmut: die 500 schaffst du auch noch locker. Wir freuen uns immer, wenn du unser Gast bist.<\/p>\n<p>Alle Ergebnisse dieser Regatta finden sie wie immer <a href=\"https:\/\/saf-wien.at\/ergebnisse\/safergebnisse.php#WDM\">hier<\/a>.<\/p>\n","protected":false},"excerpt":{"rendered":"<p>&#8230; Liesl drah di Liesl drah di, Liesl drah di, Liesl hopsassa, dirallalla Liesl drah di, Liesl drah di, Liesl hopsassa, dirallalla. Wer jetzt glaubt, dass der Autor dieser Zeilen etwas \u00fcbergeschnappt ist, hat sicher nicht unrecht. Denn ein gewisses Ma\u00df an &#8222;\u00fcbergeschnappt sein&#8220; schadet sicher nicht, wenn man an einer Regatta auf der Neuen &#8230; <a title=\"Wiener Landesmeisterschaft Pirat und Laser Radial oder &#8230;\" class=\"read-more\" href=\"https:\/\/saf-wien.at\/wpneu\/index.php\/2021\/06\/28\/wiener-landesmeisterschaft-pirat-und-laser-radial-oder\/\" aria-label=\"Mehr Informationen \u00fcber Wiener Landesmeisterschaft Pirat und Laser Radial oder &#8230;\">Weiterlesen<\/a><\/p>\n","protected":false},"author":1,"featured_media":1560,"comment_status":"open","ping_status":"open","sticky":false,"template":"","format":"standard","meta":{"footnotes":""},"categories":[11,1],"tags":[],"class_list":["post-1570","post","type-post","status-publish","format-standard","has-post-thumbnail","hentry","category-regatta","category-uncategorized"],"_links":{"self":[{"href":"https:\/\/saf-wien.at\/wpneu\/index.php\/wp-json\/wp\/v2\/posts\/1570","targetHints":{"allow":["GET"]}}],"collection":[{"href":"https:\/\/saf-wien.at\/wpneu\/index.php\/wp-json\/wp\/v2\/posts"}],"about":[{"href":"https:\/\/saf-wien.at\/wpneu\/index.php\/wp-json\/wp\/v2\/types\/post"}],"author":[{"embeddable":true,"href":"https:\/\/saf-wien.at\/wpneu\/index.php\/wp-json\/wp\/v2\/users\/1"}],"replies":[{"embeddable":true,"href":"https:\/\/saf-wien.at\/wpneu\/index.php\/wp-json\/wp\/v2\/comments?post=1570"}],"version-history":[{"count":1,"href":"https:\/\/saf-wien.at\/wpneu\/index.php\/wp-json\/wp\/v2\/posts\/1570\/revisions"}],"predecessor-version":[{"id":2414,"href":"https:\/\/saf-wien.at\/wpneu\/index.php\/wp-json\/wp\/v2\/posts\/1570\/revisions\/2414"}],"wp:featuredmedia":[{"embeddable":true,"href":"https:\/\/saf-wien.at\/wpneu\/index.php\/wp-json\/wp\/v2\/posts\/1560"}],"wp:attachment":[{"href":"https:\/\/saf-wien.at\/wpneu\/index.php\/wp-json\/wp\/v2\/media?parent=1570"}],"wp:term":[{"taxonomy":"category","embeddable":true,"href":"https:\/\/saf-wien.at\/wpneu\/index.php\/wp-json\/wp\/v2\/categories?post=1570"},{"taxonomy":"post_tag","embeddable":true,"href":"https:\/\/saf-wien.at\/wpneu\/index.php\/wp-json\/wp\/v2\/tags?post=1570"}],"curies":[{"name":"wp","href":"https:\/\/api.w.org\/{rel}","templated":true}]}}