{"id":1560,"date":"2021-06-17T15:35:55","date_gmt":"2021-06-17T15:35:55","guid":{"rendered":"https:\/\/saf-wien.at\/wpneu\/index.php\/2021\/06\/17\/laser-master-europacup-attersee\/"},"modified":"2022-04-01T16:00:00","modified_gmt":"2022-04-01T16:00:00","slug":"laser-master-europacup-attersee","status":"publish","type":"post","link":"https:\/\/saf-wien.at\/wpneu\/index.php\/2021\/06\/17\/laser-master-europacup-attersee\/","title":{"rendered":"Laser Master Europacup Attersee"},"content":{"rendered":"<p>Coronabedingt startet der Laser Master Europacup heuer erst im Juni, in \u00d6sterreich, am Attersee.<\/p>\n<p><strong>Der erste Tag, der Freitag<\/strong>,<\/p>\n<p><img decoding=\"async\" src=\"https:\/\/saf-wien.at\/wpneu\/wp-content\/uploads\/2022\/03\/Kueken2.jpg\" alt=\"K\u00fcken mit Henne\" title=\"\" \/><br \/> beginnt ruhig, mit einem Besuch bei den erst vor 5 Tagen geschl\u00fcpften K\u00fcken auf dem Bauernhof, auf dem ich untergebracht bin.<\/p>\n<p><img decoding=\"async\" src=\"https:\/\/saf-wien.at\/wpneu\/wp-content\/uploads\/2022\/03\/IMG_20210609_110432_klein.jpg\" alt=\"junge Katze im Gras\" title=\"\" \/><br \/>Etwas \u00e4lter, fast 4 Wochen, ist die Mini-Mieze Semmel. Sie und ihre Schwester Br\u00f6sel w\u00fcrden so gerne mit den K\u00fcken spielen, leider ist aber Mama Henne von dieser Idee so gar nicht begeistert \ud83d\ude12.<\/p>\n<p><img decoding=\"async\" src=\"https:\/\/saf-wien.at\/wpneu\/wp-content\/uploads\/2022\/03\/IMG_20210611_132855_klein.jpg\" alt=\"Blick vom Startturm\" title=\"\" \/><br \/>Im Union Yacht-Club Attersee ist es windstill und auch ruhig. Nach der Begr\u00fc\u00dfung und dem Hissen der Signalflagge AP (=Startverschiebung) treffe ich im 2. Stock des Startturmes den Wettfahrleiter Gert Schmidleitner. Im Areal des Clubs hat eine leichte Brise aus s\u00fcdlicher Richtung eingesetzt, drau\u00dfen ist es fast windstill. Dieser Wind wird langsam nach Ost drehen, erkl\u00e4rt mir Gert, und dann einschlafen. An Wettfahrten am heutigen Tag glaubt er nicht.<\/p>\n<p><img decoding=\"async\" src=\"https:\/\/saf-wien.at\/wpneu\/wp-content\/uploads\/2022\/03\/IMG_20210611_140103_klein.jpg\" alt=\"Die Boote im Fahrerlager\" title=\"\" \/><br \/>Drunten im &#8222;Fahrerlager&#8220; sitzen die Segler beisammen, essen, tratschen oder basteln am Boot. Motto: es gibt immer was zu tun (Jippi jei jei jippi jippi je).<\/p>\n<p>Mittlerweile hat der Wind auf Ost gedreht und ist eingeschlafen. Segleressen. Hoffen auf morgen.<\/p>\n<p><strong>Samstag, Tag 2<\/strong><br \/>In der Fr\u00fch weht ein leichter S\u00fcdwind, wir werden mit den Worten &#8222;There is a more than 50 percent chance to start a race&#8220; gebeten zur Wettfahrt Nr. 1 auszulaufen.<\/p>\n<p><img decoding=\"async\" src=\"https:\/\/saf-wien.at\/wpneu\/wp-content\/uploads\/2022\/03\/2021_06_13_-_11_02_21_-_8239.jpg\" alt=\"Start zur 1. Wettfahrt der Laser Radial Klasse\" title=\"\" \/><\/p>\n<p>Die 1. Wettfahrt beginnt bei angenehmen S\u00fcdwind mit netter Welle, die eine flotte Vorwind erm\u00f6glicht. In der 2. Runde l\u00e4sst der S\u00fcdwind nach und wird l\u00f6chriger. Das Feld wird neu durchgemischt und auf der 2. Vorwind erkl\u00e4ren mir zwei nette deutsche Segelkameraden die neuesten &#8211; oder nicht mehr so neuen &#8211; Segelregeln. Frage an die geneigte Leserschaft: Wer kann sich noch an die &#8222;Mast querab Regel&#8220; erinnern?<\/p>\n<p>Der Wind dreht auf West, die Lotterie geht weiter. Die 2. Kreuz wird zu einem reinen Anlieger, der Vorwind zu einer Raumen. Einfach, bequem, keine Wende notwendig. Daf\u00fcr ein riesiges, windloses Loch in der Mitte des Kurses. Wer diesen Kalmeng\u00fcrtel am Besten \u00fcberwindet gewinnt. Die Wettfahrt und die Erkenntnis, alles richtig gemacht zu haben.<\/p>\n<p>Nach Schweinsbraten, Bier und Marillenkuchen als Segleressen schaut die Welt dann schon wieder viel besser aus.<\/p>\n<p><strong>Sonntag, Tag 3<\/strong><br \/>Der Wind meldet sich mit dem Motto des Tages: B\u00f6ig, bis 18 kn aus West, und drehend. Ja, ja, teilweise noch mehr drehend als am Samstag. <\/p>\n<p><img decoding=\"async\" src=\"https:\/\/saf-wien.at\/wpneu\/wp-content\/uploads\/2022\/03\/2021_06_13_-_14_23_11_-_8626.jpg\" alt=\"Die Laser Radial auf der Wettfahrt 4\" title=\"\" \/><\/p>\n<p>Nach einer kurzen AP-Phase laufen wir f\u00fcr 3 Wettfahrten aus. Die B\u00f6en sind geblieben, die Dreher etwas weniger. Sportliches Segeln ist angesagt. Die Spreu trennt sich vom Weizen und die Top-M\u00e4dels bleiben vorne praktisch immer unter sich.<\/p>\n<p>In den 3 Tagen hat sich der Attersee von allen Seiten gezeigt: Null Wind, wenig Wind, viel Wind. Dreher, B\u00f6en und L\u00f6cher. Gefehlt hat der Rosenwind, der ja bekanntlich bei Regatten eher selten anzutreffen ist. Eine Regatta, die in guter Erinnerung bleibt und Lust auf mehr macht.<\/p>\n<p>Alle Ergebnisse des Laser Master Europacups finden Sie hier: <br \/><a href=\"https:\/\/regatta365.com\/stream\/results\/file\/4561.pdf\/name\/Laser%20European%20Master%20SeriesErgebnisse_Laser%20Standard.pdf\">Laser Standard<\/a> und <a href=\"https:\/\/regatta365.com\/stream\/results\/file\/4562.pdf\/name\/Laser%20European%20Master%20SeriesErgebnisse_Laser%20Radial.pdf\">Laser Radial<\/a>.<\/p>\n<p>Die Gewinner der \u00d6sterreichischem Masterschaft im Laser Standard sind demzufolge:<\/p>\n<ol>\n<li>Marsano Christoph UYCNs  <\/li>\n<li>Heine Martin NCA  <\/li>\n<li>J\u00f6bstl Gregor CFT-WS<\/li>\n<\/ol>\n<p>Im Laser Radial Damen:<\/p>\n<ol>\n<li>Schimak Eva-Maria UYCNs  <\/li>\n<li>Stark Angelika UYCNs  <\/li>\n<li>Tiringer Denise UYCNs<\/li>\n<\/ol>\n<p>und im Laser Radial Herren:<\/p>\n<ol>\n<li>Holl J\u00f6rg SAF  <\/li>\n<li>Ruckensteiner Andreas UYCAS  <\/li>\n<li>Prachatik Robert YCBb<\/li>\n<\/ol>\n<p>Vielen Dank an Irene Schanda f\u00fcr die vielen tollen Fotos am Wasser. Durch sie wird uns diese Masterschaft noch sch\u00f6ner in Erinnerung bleiben.<\/p>\n<p><strong>Nachtrag<\/strong><img decoding=\"async\" src=\"https:\/\/saf-wien.at\/wpneu\/wp-content\/uploads\/2022\/03\/IMG_20210603_112825_klein.jpg\" alt=\"J\u00f6rg als Sandkastensegler\" title=\"\" \/><br \/>Am Tag danach, mit entsprechendem Muskelkater, stellt sich die Frage, ob ein Wechsel in diese Bootsklasse nicht doch angebracht w\u00e4re \ud83d\ude0a\ud83d\ude0a\ud83d\ude0a.<\/p>\n","protected":false},"excerpt":{"rendered":"<p>Coronabedingt startet der Laser Master Europacup heuer erst im Juni, in \u00d6sterreich, am Attersee. Der erste Tag, der Freitag, beginnt ruhig, mit einem Besuch bei den erst vor 5 Tagen geschl\u00fcpften K\u00fcken auf dem Bauernhof, auf dem ich untergebracht bin. Etwas \u00e4lter, fast 4 Wochen, ist die Mini-Mieze Semmel. Sie und ihre Schwester Br\u00f6sel w\u00fcrden &#8230; <a title=\"Laser Master Europacup Attersee\" class=\"read-more\" href=\"https:\/\/saf-wien.at\/wpneu\/index.php\/2021\/06\/17\/laser-master-europacup-attersee\/\" aria-label=\"Mehr Informationen \u00fcber Laser Master Europacup Attersee\">Weiterlesen<\/a><\/p>\n","protected":false},"author":1,"featured_media":1550,"comment_status":"open","ping_status":"open","sticky":false,"template":"","format":"standard","meta":{"footnotes":""},"categories":[11,1],"tags":[],"class_list":["post-1560","post","type-post","status-publish","format-standard","has-post-thumbnail","hentry","category-regatta","category-uncategorized"],"_links":{"self":[{"href":"https:\/\/saf-wien.at\/wpneu\/index.php\/wp-json\/wp\/v2\/posts\/1560","targetHints":{"allow":["GET"]}}],"collection":[{"href":"https:\/\/saf-wien.at\/wpneu\/index.php\/wp-json\/wp\/v2\/posts"}],"about":[{"href":"https:\/\/saf-wien.at\/wpneu\/index.php\/wp-json\/wp\/v2\/types\/post"}],"author":[{"embeddable":true,"href":"https:\/\/saf-wien.at\/wpneu\/index.php\/wp-json\/wp\/v2\/users\/1"}],"replies":[{"embeddable":true,"href":"https:\/\/saf-wien.at\/wpneu\/index.php\/wp-json\/wp\/v2\/comments?post=1560"}],"version-history":[{"count":1,"href":"https:\/\/saf-wien.at\/wpneu\/index.php\/wp-json\/wp\/v2\/posts\/1560\/revisions"}],"predecessor-version":[{"id":2415,"href":"https:\/\/saf-wien.at\/wpneu\/index.php\/wp-json\/wp\/v2\/posts\/1560\/revisions\/2415"}],"wp:featuredmedia":[{"embeddable":true,"href":"https:\/\/saf-wien.at\/wpneu\/index.php\/wp-json\/wp\/v2\/posts\/1550"}],"wp:attachment":[{"href":"https:\/\/saf-wien.at\/wpneu\/index.php\/wp-json\/wp\/v2\/media?parent=1560"}],"wp:term":[{"taxonomy":"category","embeddable":true,"href":"https:\/\/saf-wien.at\/wpneu\/index.php\/wp-json\/wp\/v2\/categories?post=1560"},{"taxonomy":"post_tag","embeddable":true,"href":"https:\/\/saf-wien.at\/wpneu\/index.php\/wp-json\/wp\/v2\/tags?post=1560"}],"curies":[{"name":"wp","href":"https:\/\/api.w.org\/{rel}","templated":true}]}}