{"id":150,"date":"2016-12-03T19:41:00","date_gmt":"2016-12-03T19:41:00","guid":{"rendered":"https:\/\/saf-wien.at\/wpneu\/index.php\/2016\/12\/03\/nach-graz-der-ehre-wegen\/"},"modified":"2016-12-03T19:41:00","modified_gmt":"2016-12-03T19:41:00","slug":"nach-graz-der-ehre-wegen","status":"publish","type":"post","link":"https:\/\/saf-wien.at\/wpneu\/index.php\/2016\/12\/03\/nach-graz-der-ehre-wegen\/","title":{"rendered":"Nach Graz, der Ehre wegen&#8230;"},"content":{"rendered":"<p>Die Generalversammlung der <a href=\"http :\/\/www.lasersailing.at\">Laser Klassenvereinigung<\/a> findet dieses Jahr in Graz statt. Im Lokal des Universit\u00e4ts-Sportzentrums treffen sich ca. 40 Laser Segler jeden Alters, um einen Vorstand zu w\u00e4hlen, das Budget zu beschlie\u00dfen und die Regattatermine f\u00fcr 2017 zu besprechen. <\/p>\n<p><img decoding=\"async\" src=\"https:\/\/saf-wien.at\/wpneu\/wp-content\/uploads\/2022\/03\/DSC_1333-960x540.jpg\" alt=\"\" \/>Neben den Siegern der Bestenlisten im <a href=\"http:\/\/www.lasersailing.at\/uploads\/media\/Bestenliste_Standard_EC_Attersee.pdf\">Standard<\/a> und <a href=\"http:\/\/www.lasersailing.at\/uploads\/media\/Bestenliste_Radial_ECA.pdf\">Radial<\/a> werden diesmal auch die Gewinner der Masterschaft, das sind die \u00f6sterreichischen Meister in der Altersklasse \u00fcber 35, geehrt. <br \/>Den Titel in der Radial-Klasse, der im Rahmen des Europa-Cups am Attersee ausgetragen wurde, konnte der Autor dieser Zeilen ersegeln. Nach dem <a href=\"http:\/\/www.segelverband.at\/de\/service\/regatta-ergebnisse\/detail\/6671\">Sieg bei den F18 Wildcats<\/a> durch <strong>Barbara und Daniel<\/strong> ist das somit der zweite \u00f6sterreichische Meistertitel, den SAF Segler in diesem Jahr verbuchen konnten.<\/p>\n","protected":false},"excerpt":{"rendered":"<p>Die Generalversammlung der Laser Klassenvereinigung findet dieses Jahr in Graz statt. Im Lokal des Universit\u00e4ts-Sportzentrums treffen sich ca. 40 Laser Segler jeden Alters, um einen Vorstand zu w\u00e4hlen, das Budget zu beschlie\u00dfen und die Regattatermine f\u00fcr 2017 zu besprechen. Neben den Siegern der Bestenlisten im Standard und Radial werden diesmal auch die Gewinner der Masterschaft, &#8230; <a title=\"Nach Graz, der Ehre wegen&#8230;\" class=\"read-more\" href=\"https:\/\/saf-wien.at\/wpneu\/index.php\/2016\/12\/03\/nach-graz-der-ehre-wegen\/\" aria-label=\"Mehr Informationen \u00fcber Nach Graz, der Ehre wegen&#8230;\">Weiterlesen<\/a><\/p>\n","protected":false},"author":1,"featured_media":140,"comment_status":"open","ping_status":"open","sticky":false,"template":"","format":"standard","meta":{"footnotes":""},"categories":[1],"tags":[7],"class_list":["post-150","post","type-post","status-publish","format-standard","has-post-thumbnail","hentry","category-uncategorized","tag-berichte"],"_links":{"self":[{"href":"https:\/\/saf-wien.at\/wpneu\/index.php\/wp-json\/wp\/v2\/posts\/150","targetHints":{"allow":["GET"]}}],"collection":[{"href":"https:\/\/saf-wien.at\/wpneu\/index.php\/wp-json\/wp\/v2\/posts"}],"about":[{"href":"https:\/\/saf-wien.at\/wpneu\/index.php\/wp-json\/wp\/v2\/types\/post"}],"author":[{"embeddable":true,"href":"https:\/\/saf-wien.at\/wpneu\/index.php\/wp-json\/wp\/v2\/users\/1"}],"replies":[{"embeddable":true,"href":"https:\/\/saf-wien.at\/wpneu\/index.php\/wp-json\/wp\/v2\/comments?post=150"}],"version-history":[{"count":0,"href":"https:\/\/saf-wien.at\/wpneu\/index.php\/wp-json\/wp\/v2\/posts\/150\/revisions"}],"wp:featuredmedia":[{"embeddable":true,"href":"https:\/\/saf-wien.at\/wpneu\/index.php\/wp-json\/wp\/v2\/posts\/140"}],"wp:attachment":[{"href":"https:\/\/saf-wien.at\/wpneu\/index.php\/wp-json\/wp\/v2\/media?parent=150"}],"wp:term":[{"taxonomy":"category","embeddable":true,"href":"https:\/\/saf-wien.at\/wpneu\/index.php\/wp-json\/wp\/v2\/categories?post=150"},{"taxonomy":"post_tag","embeddable":true,"href":"https:\/\/saf-wien.at\/wpneu\/index.php\/wp-json\/wp\/v2\/tags?post=150"}],"curies":[{"name":"wp","href":"https:\/\/api.w.org\/{rel}","templated":true}]}}