{"id":1470,"date":"2020-10-08T14:32:05","date_gmt":"2020-10-08T14:32:05","guid":{"rendered":"https:\/\/saf-wien.at\/wpneu\/index.php\/2020\/10\/08\/untitl\/"},"modified":"2022-04-01T16:01:57","modified_gmt":"2022-04-01T16:01:57","slug":"untitl","status":"publish","type":"post","link":"https:\/\/saf-wien.at\/wpneu\/index.php\/2020\/10\/08\/untitl\/","title":{"rendered":"Offene ASK\u00d6-Meisterschaft 2020"},"content":{"rendered":"<p>Schwerpunktregatten werden nicht so h\u00e4ufig auf der Neuen Donau ausgetragen. Diesmal wurde im Rahmen der ASK\u00d6-Meisterschaft auch eine Schwerpunktregastta der Piraten durchgef\u00fchrt. <\/p>\n<p><img decoding=\"async\" src=\"https:\/\/saf-wien.at\/wpneu\/wp-content\/uploads\/2022\/03\/Offene-ASK-Meisterschaft-3-10-2020-8.jpg\" alt=\"Die Boote der ASK\u00d6-Meisterschaft bei der 1. Wettfahrt\" title=\"\" \/><\/p>\n<p>Dieter hat einen Bericht f\u00fcr das Piraten-Jahrbuch geschrieben, den ich hier auch publizieren m\u00f6chte:<\/p>\n<p>2020 war ein sehr turbulentes Jahr. Da in diesem Jahr viele Regatten abgesagt werden mussten, fand erst am 3. Oktober die 3. Pirat-Regatta in diesem Jahr statt. Zur Not wurde diese gemeinsam mit der Offenen ASK\u00d6-Meisterschaft beim SAF ausgetragen. <\/p>\n<p><img decoding=\"async\" src=\"https:\/\/saf-wien.at\/wpneu\/wp-content\/uploads\/2022\/03\/Offene-ASK-Meisterschaft-3-10-2020-17.jpg\" alt=\"Zwei Piraten der Pirat Schwerpunktregatta\" title=\"\" \/><br \/>Bei dieser Yardstickregatta waren 10 Boote am Start &#8211; davon vier Piraten. <\/p>\n<p><img decoding=\"async\" src=\"https:\/\/saf-wien.at\/wpneu\/wp-content\/uploads\/2022\/03\/Offene-ASK-Meisterschaft-3-10-2020-35.jpg\" alt=\"Die Wettfahrtleitung beim Wind messen\" title=\"\" \/><br \/>Eigentlich waren 4 Wettfahrten geplant. Aber es blieb nur bei einer. Denn der Wind h\u00e4tte locker f\u00fcr alle in diesem Jahr stattgefundenen Pirat-Regatten gereicht.<\/p>\n<p>Der Start war genau um 12 Uhr. Manche Starter wunderten sich, warum sie pl\u00f6tzlich (auf dem Pin-End der Startlinie) ein Signal h\u00f6rten. Und warum dieses nicht aufh\u00f6rte. Genau um 12 Uhr war auch der allj\u00e4hrliche Probealarm in Wien. Die Uhr des Wettfahrtleiters ging sehr genau.<\/p>\n<p><img decoding=\"async\" src=\"https:\/\/saf-wien.at\/wpneu\/wp-content\/uploads\/2022\/03\/Offene-ASK-Meisterschaft-3-10-2020-12.jpg\" alt=\"Claudia und Dieter im Pirat AUT 52\" title=\"\" \/><br \/>Gleich nach dem Start hatten wir (Claudia und ich &#8211; AUT 52) einen Steher und haben die Wettfahrt quasi als letzte begonnen. <\/p>\n<p><img decoding=\"async\" src=\"https:\/\/saf-wien.at\/wpneu\/wp-content\/uploads\/2022\/03\/Offene-ASK-Meisterschaft-3-10-2020-22.jpg\" alt=\"Gekenterte Laser\" \/>Auf dem Weg zur ersten Luv haben wir schon einige Laser \u00fcberholt (alle mit einem Segel eine Nummer kleiner als \u00fcblich) &#8211; bei manchen sind wir aufgrund deren Kenterung einfach vorbeigefahren. Kurz vor der ersten Luv sagte ich zu Claudia &#8222;Den Spi lassen wir lieber herunten&#8220;. Erst als wir die Luv-Boje gerundet hatten ist mir aufgefallen, dass ich keine bunten Spis vor mir sehe. Das lag aber keineswegs daran, dass wir der erste Pirat waren. Vielmehr lag es daran, dass viel zu viel Wind war sodass keiner mit einem Spi fahren wollte. Ich nehme an, dass bis zu dieser Zeit die st\u00e4rkste B\u00f6 nur 20 Knoten hatte.<\/p>\n<p><img decoding=\"async\" src=\"https:\/\/saf-wien.at\/wpneu\/wp-content\/uploads\/2022\/03\/Offene-ASK-Meisterschaft-3-10-2020-2.jpg\" alt=\"Bernhard und Linda im Piraten\" title=\"\" \/><br \/>Vorallem bei der dritten und letzten Runde matchten wir uns mit Bernhard und Linda Sterf (AUT 12). <\/p>\n<p><img decoding=\"async\" src=\"https:\/\/saf-wien.at\/wpneu\/wp-content\/uploads\/2022\/03\/Offene-ASK-Meisterschaft-3-10-2020-10.jpg\" alt=\"Matthias und Manuela (AUT 503)\" title=\"\" \/><br \/>Zu diesen Zeitpunkt waren Matthias und Manuela (AUT 503) auf und davon und hatten einen bequemen Vorsprung von etwa einer halben Runde.<\/p>\n<p><img decoding=\"async\" src=\"https:\/\/saf-wien.at\/wpneu\/wp-content\/uploads\/2022\/03\/Windmessung.png\" alt=\"Der Wind-Graph der Wetterstation des Segelzentrums. Er zeigt mehr als 30 kn in der Spitzenb\u00f6\" title=\"\" \/><br \/>Beim dritten Vorwind kamen wir auch ohne Spi locker ins Gleiten &#8211; ich glaube, dass da die st\u00e4rksten B\u00f6en 30 Knoten hatten (gemessen an der Wetterstation beim Clubgeb\u00e4ude). Wir umrundeten die Lee knapp vor AUT 12 und k\u00e4mpften uns die Zielkreuz rauf. <\/p>\n<p><img decoding=\"async\" src=\"https:\/\/saf-wien.at\/wpneu\/wp-content\/uploads\/2022\/03\/Offene-ASK-Meisterschaft-3-10-2020-16.jpg\" alt=\"Wendeduell der Piraten\" \/>Taktisches Segeln war da auf keinen Fall mehr m\u00f6glich. Es ging eigentlich nur darum, beim Wenden m\u00f6glichst wenig Geschwindigkeit zu verlieren und eine Kenterung zu vermeiden. Letzens Endes kam AUT 12 besser als wir mit diesen Bedingungen zurecht und hatte etwa eine halbe Sekunde vor uns die Ziellinie \u00fcberquert.<\/p>\n<p><img decoding=\"async\" src=\"https:\/\/saf-wien.at\/wpneu\/wp-content\/uploads\/2022\/03\/Offene-ASK-Meisterschaft-3-10-2020-36.jpg\" alt=\"Signalflagge AP - Startverschiebung\" title=\"\" \/><br \/>Wieder an Land haben wir die Segel geborgen und gewartet. Normalerweise wartet man an Land darauf, dass Wind aufkommt. Wir haben aber darauf gewartet, dass weniger Wind weht. Nachdem nach einer Stunde real und auch den Prognosen nach keine Besserung in Sicht war, hat der Wettfahrtleiter auf weitere Starts verzichtet und die Regatta beendet.<\/p>\n<p>An dieser Stelle m\u00f6chte ich auch eine Aussage des Wettfahrtleiters (der selbst auch schon an vielen internationalen Laser-Regatten teilgenommen hat) erw\u00e4hnen: &#8222;Ich sehe mich als Dienstleister.[&#8230;]&#8220;. Leider habe ich den Eindruck, dass sehr viele Wettfahrtleiter das nicht so sehen, sondern auf Biegen und Brechen eine Wettfahrt &#8211; auch wenn der Wind sehr stark nachl\u00e4sst &#8211; durchbringen wollen.<\/p>\n<p>Vielen Dank an Dieter f\u00fcr diesen ausf\u00fchrlichen Bericht und an Krystian f\u00fcr seine genialen Fotos.<\/p>\n<p>Die vollst\u00e4ndige Ergebnisliste finden Sie <a href=\"http:\/\/saf-wien.at\/ergebnisse\/safergebnisse.php#ASKOE%20Meisterschaft\">hier<\/a>.<\/p>\n","protected":false},"excerpt":{"rendered":"<p>Schwerpunktregatten werden nicht so h\u00e4ufig auf der Neuen Donau ausgetragen. Diesmal wurde im Rahmen der ASK\u00d6-Meisterschaft auch eine Schwerpunktregastta der Piraten durchgef\u00fchrt. Dieter hat einen Bericht f\u00fcr das Piraten-Jahrbuch geschrieben, den ich hier auch publizieren m\u00f6chte: 2020 war ein sehr turbulentes Jahr. Da in diesem Jahr viele Regatten abgesagt werden mussten, fand erst am 3. &#8230; <a title=\"Offene ASK\u00d6-Meisterschaft 2020\" class=\"read-more\" href=\"https:\/\/saf-wien.at\/wpneu\/index.php\/2020\/10\/08\/untitl\/\" aria-label=\"Mehr Informationen \u00fcber Offene ASK\u00d6-Meisterschaft 2020\">Weiterlesen<\/a><\/p>\n","protected":false},"author":1,"featured_media":1460,"comment_status":"open","ping_status":"open","sticky":false,"template":"","format":"standard","meta":{"footnotes":""},"categories":[11,1],"tags":[],"class_list":["post-1470","post","type-post","status-publish","format-standard","has-post-thumbnail","hentry","category-regatta","category-uncategorized"],"_links":{"self":[{"href":"https:\/\/saf-wien.at\/wpneu\/index.php\/wp-json\/wp\/v2\/posts\/1470","targetHints":{"allow":["GET"]}}],"collection":[{"href":"https:\/\/saf-wien.at\/wpneu\/index.php\/wp-json\/wp\/v2\/posts"}],"about":[{"href":"https:\/\/saf-wien.at\/wpneu\/index.php\/wp-json\/wp\/v2\/types\/post"}],"author":[{"embeddable":true,"href":"https:\/\/saf-wien.at\/wpneu\/index.php\/wp-json\/wp\/v2\/users\/1"}],"replies":[{"embeddable":true,"href":"https:\/\/saf-wien.at\/wpneu\/index.php\/wp-json\/wp\/v2\/comments?post=1470"}],"version-history":[{"count":1,"href":"https:\/\/saf-wien.at\/wpneu\/index.php\/wp-json\/wp\/v2\/posts\/1470\/revisions"}],"predecessor-version":[{"id":2419,"href":"https:\/\/saf-wien.at\/wpneu\/index.php\/wp-json\/wp\/v2\/posts\/1470\/revisions\/2419"}],"wp:featuredmedia":[{"embeddable":true,"href":"https:\/\/saf-wien.at\/wpneu\/index.php\/wp-json\/wp\/v2\/posts\/1460"}],"wp:attachment":[{"href":"https:\/\/saf-wien.at\/wpneu\/index.php\/wp-json\/wp\/v2\/media?parent=1470"}],"wp:term":[{"taxonomy":"category","embeddable":true,"href":"https:\/\/saf-wien.at\/wpneu\/index.php\/wp-json\/wp\/v2\/categories?post=1470"},{"taxonomy":"post_tag","embeddable":true,"href":"https:\/\/saf-wien.at\/wpneu\/index.php\/wp-json\/wp\/v2\/tags?post=1470"}],"curies":[{"name":"wp","href":"https:\/\/api.w.org\/{rel}","templated":true}]}}