{"id":1460,"date":"2020-10-01T14:15:42","date_gmt":"2020-10-01T14:15:42","guid":{"rendered":"https:\/\/saf-wien.at\/wpneu\/index.php\/2020\/10\/01\/wiener-landesmeisterschaft-laser-standard-2020\/"},"modified":"2022-04-01T16:01:57","modified_gmt":"2022-04-01T16:01:57","slug":"wiener-landesmeisterschaft-laser-standard-2020","status":"publish","type":"post","link":"https:\/\/saf-wien.at\/wpneu\/index.php\/2020\/10\/01\/wiener-landesmeisterschaft-laser-standard-2020\/","title":{"rendered":"Wiener Landesmeisterschaft Laser Standard 2020"},"content":{"rendered":"<p>Es ist nicht sicher ob es jemals eine Laser Landesmeisterschaft gab, die unter schwierigeren Bedingungen ausgetragen wurde.<\/p>\n<p><img decoding=\"async\" src=\"https:\/\/saf-wien.at\/wpneu\/wp-content\/uploads\/2022\/03\/Vienna-City-Cup-Laser-LM-SU-LM-2020_09_26-27-99.jpg\" alt=\"2 Laser auf dem Vorwind, das hinten liegende kentert\" title=\"\" \/><br \/>Bei Buschwind mit B\u00f6en bis zu 30 kn gab es kein Boot, das ohne Kenterung die ersten 3 Wettfahrten am Samstag \u00fcberstand.<\/p>\n<p>Sicher ist jedoch, dass es die am st\u00e4rksten besetzte Landesmeisterschaft war, die je auf der neuen Donau ausgesegelt wurde. <br \/><img decoding=\"async\" src=\"https:\/\/saf-wien.at\/wpneu\/wp-content\/uploads\/2022\/03\/IMG_6243_klein.jpg\" alt=\"Start zur 4. Wettfahrt am Sonntag, bei Sonnenschein und nicht zu starkem Wind\" title=\"\" \/><br \/>Die 4 erstplatzierten Teilnehmer dieser Regatta finden sich auch unter den Top 12 der \u00f6sterreichischen Laser-Bestenliste. Und mit Clemens war auch ein Jugend Nationalteam-Segler mit am Start.<\/p>\n<p>Sicher ist auch, dass es eines der knappsten Ergebnisse in der Geschichte der Wiener Landesmeisterschaften war: <br \/><img decoding=\"async\" src=\"https:\/\/saf-wien.at\/wpneu\/wp-content\/uploads\/2022\/03\/IMG_6269-2-_klein.jpg\" alt=\"Clemens vor Severin in der letzten Wettfahrt\" title=\"\" \/><br \/>Punktegleich mit dem 2. (Severin J\u00e4ger) konnte sich Clemens K\u00fcbber den 1. Platz erst in der letzten Wettfahrt sichern.<\/p>\n<p><img decoding=\"async\" src=\"https:\/\/saf-wien.at\/wpneu\/wp-content\/uploads\/2022\/03\/IMG_6294-2-_klein.jpg\" alt=\"Siegespodest der ersten 3\" title=\"\" \/><br \/>Die 3 erstplatzierten der Wiener Landesmeisterschaft: Clemens vor Severin und Andi.<\/p>\n<p>Die vollst\u00e4ndige Ergebnisliste finden Sie <a href=\"https:\/\/regatta365.com\/stream\/results\/file\/3909.pdf\/name\/Vienna%20City%20Cup%20\/%20Laser%20LM%20&amp;%20SU-LM%20\/Laser%20Radial%20\/%20Laser%204.7Ergebnisse_Laser%20Standard.pdf\">hier<\/a>.<\/p>\n<p>Vielen Dank an die Fotografen Peter und Krystian f\u00fcr die tollen Fotos.<\/p>\n","protected":false},"excerpt":{"rendered":"<p>Es ist nicht sicher ob es jemals eine Laser Landesmeisterschaft gab, die unter schwierigeren Bedingungen ausgetragen wurde. Bei Buschwind mit B\u00f6en bis zu 30 kn gab es kein Boot, das ohne Kenterung die ersten 3 Wettfahrten am Samstag \u00fcberstand. Sicher ist jedoch, dass es die am st\u00e4rksten besetzte Landesmeisterschaft war, die je auf der neuen &#8230; <a title=\"Wiener Landesmeisterschaft Laser Standard 2020\" class=\"read-more\" href=\"https:\/\/saf-wien.at\/wpneu\/index.php\/2020\/10\/01\/wiener-landesmeisterschaft-laser-standard-2020\/\" aria-label=\"Mehr Informationen \u00fcber Wiener Landesmeisterschaft Laser Standard 2020\">Weiterlesen<\/a><\/p>\n","protected":false},"author":1,"featured_media":1450,"comment_status":"open","ping_status":"open","sticky":false,"template":"","format":"standard","meta":{"footnotes":""},"categories":[11,1],"tags":[],"class_list":["post-1460","post","type-post","status-publish","format-standard","has-post-thumbnail","hentry","category-regatta","category-uncategorized"],"_links":{"self":[{"href":"https:\/\/saf-wien.at\/wpneu\/index.php\/wp-json\/wp\/v2\/posts\/1460","targetHints":{"allow":["GET"]}}],"collection":[{"href":"https:\/\/saf-wien.at\/wpneu\/index.php\/wp-json\/wp\/v2\/posts"}],"about":[{"href":"https:\/\/saf-wien.at\/wpneu\/index.php\/wp-json\/wp\/v2\/types\/post"}],"author":[{"embeddable":true,"href":"https:\/\/saf-wien.at\/wpneu\/index.php\/wp-json\/wp\/v2\/users\/1"}],"replies":[{"embeddable":true,"href":"https:\/\/saf-wien.at\/wpneu\/index.php\/wp-json\/wp\/v2\/comments?post=1460"}],"version-history":[{"count":1,"href":"https:\/\/saf-wien.at\/wpneu\/index.php\/wp-json\/wp\/v2\/posts\/1460\/revisions"}],"predecessor-version":[{"id":2420,"href":"https:\/\/saf-wien.at\/wpneu\/index.php\/wp-json\/wp\/v2\/posts\/1460\/revisions\/2420"}],"wp:featuredmedia":[{"embeddable":true,"href":"https:\/\/saf-wien.at\/wpneu\/index.php\/wp-json\/wp\/v2\/posts\/1450"}],"wp:attachment":[{"href":"https:\/\/saf-wien.at\/wpneu\/index.php\/wp-json\/wp\/v2\/media?parent=1460"}],"wp:term":[{"taxonomy":"category","embeddable":true,"href":"https:\/\/saf-wien.at\/wpneu\/index.php\/wp-json\/wp\/v2\/categories?post=1460"},{"taxonomy":"post_tag","embeddable":true,"href":"https:\/\/saf-wien.at\/wpneu\/index.php\/wp-json\/wp\/v2\/tags?post=1460"}],"curies":[{"name":"wp","href":"https:\/\/api.w.org\/{rel}","templated":true}]}}