{"id":1420,"date":"2020-08-06T16:20:15","date_gmt":"2020-08-06T16:20:15","guid":{"rendered":"https:\/\/saf-wien.at\/wpneu\/index.php\/2020\/08\/06\/pirat-staatsmeisterschaft-2020\/"},"modified":"2022-04-01T16:01:57","modified_gmt":"2022-04-01T16:01:57","slug":"pirat-staatsmeisterschaft-2020","status":"publish","type":"post","link":"https:\/\/saf-wien.at\/wpneu\/index.php\/2020\/08\/06\/pirat-staatsmeisterschaft-2020\/","title":{"rendered":"Pirat Staatsmeisterschaft 2020"},"content":{"rendered":"<p>Leider hat der Wind nicht die gro\u00dfe Anzahl der Starter (es waren 31 Boote &#8211; mehr dazu im <a href=\"https:\/\/safblog.azurewebsites.net\/pirat-staatsmeisterschaft-2020-anfang\/\">vorhergehenden<\/a> Beitrag) gew\u00fcrdigt.<\/p>\n<p>Am Samstag gab es einen sch\u00f6nen Badeausflug, aber leider keine Wettfahrten. <br \/><img decoding=\"async\" src=\"https:\/\/saf-wien.at\/wpneu\/wp-content\/uploads\/2022\/03\/DSCN3436.jpg\" alt=\"viele Segelboote\" \/>Das obige Foto wurde vom Wasser aus gemacht &#8211; deswegen ist es unscharf und Wassertropfen darauf. <br \/><img decoding=\"async\" src=\"https:\/\/saf-wien.at\/wpneu\/wp-content\/uploads\/2022\/03\/DSCN3439.jpg\" alt=\"Schleppzug\" \/><\/p>\n<p>Erst am Sonntag kam mit dem Vorl\u00e4ufer der Front, die in sp\u00e4ter (also nach der Regatta) starken Regen brachte, die 2. und notwendige 3. Wettfahrt zustande. <br \/><img decoding=\"async\" src=\"https:\/\/saf-wien.at\/wpneu\/wp-content\/uploads\/2022\/03\/DSCN3458.jpg\" alt=\"\" \/>Nachdem am Sonntag eine Wettfahrt wegen eines gro\u00dfr\u00e4umigen Winddrehers abgebrochen werden musste, konnte die dritte Wettfahrt (die f\u00fcr eine Staatsmeisterschaft erforderlich ist) gerade noch vor der letzten Startm\u00f6glichkeit gestartet werden. <br \/>Bei der dritten Wettfahrt waren noch 2\/3 der Boote am Start &#8211; die anderen haben schon das Boot f\u00fcr die Heimreise vorbereitet. So auch das Team des SAFs.<\/p>\n<p>Staatsmeister wurde Peter mit Alexandra Gr\u00f6gl. Peter ist schon oft auf dem obersten Rang gelandet &#8211; aber f\u00fcr Alexandra war es ihre erste Regatta. <br \/>Die Ergebnisse sind <a href=\"https:\/\/www.segelverband.at\/de\/service\/regatta-ergebnisse\/detail\/9483\">hier<\/a>.<\/p>\n","protected":false},"excerpt":{"rendered":"<p>Leider hat der Wind nicht die gro\u00dfe Anzahl der Starter (es waren 31 Boote &#8211; mehr dazu im vorhergehenden Beitrag) gew\u00fcrdigt. Am Samstag gab es einen sch\u00f6nen Badeausflug, aber leider keine Wettfahrten. Das obige Foto wurde vom Wasser aus gemacht &#8211; deswegen ist es unscharf und Wassertropfen darauf. Erst am Sonntag kam mit dem Vorl\u00e4ufer &#8230; <a title=\"Pirat Staatsmeisterschaft 2020\" class=\"read-more\" href=\"https:\/\/saf-wien.at\/wpneu\/index.php\/2020\/08\/06\/pirat-staatsmeisterschaft-2020\/\" aria-label=\"Mehr Informationen \u00fcber Pirat Staatsmeisterschaft 2020\">Weiterlesen<\/a><\/p>\n","protected":false},"author":3,"featured_media":1410,"comment_status":"open","ping_status":"open","sticky":false,"template":"","format":"standard","meta":{"footnotes":""},"categories":[11,1],"tags":[],"class_list":["post-1420","post","type-post","status-publish","format-standard","has-post-thumbnail","hentry","category-regatta","category-uncategorized"],"_links":{"self":[{"href":"https:\/\/saf-wien.at\/wpneu\/index.php\/wp-json\/wp\/v2\/posts\/1420","targetHints":{"allow":["GET"]}}],"collection":[{"href":"https:\/\/saf-wien.at\/wpneu\/index.php\/wp-json\/wp\/v2\/posts"}],"about":[{"href":"https:\/\/saf-wien.at\/wpneu\/index.php\/wp-json\/wp\/v2\/types\/post"}],"author":[{"embeddable":true,"href":"https:\/\/saf-wien.at\/wpneu\/index.php\/wp-json\/wp\/v2\/users\/3"}],"replies":[{"embeddable":true,"href":"https:\/\/saf-wien.at\/wpneu\/index.php\/wp-json\/wp\/v2\/comments?post=1420"}],"version-history":[{"count":1,"href":"https:\/\/saf-wien.at\/wpneu\/index.php\/wp-json\/wp\/v2\/posts\/1420\/revisions"}],"predecessor-version":[{"id":2423,"href":"https:\/\/saf-wien.at\/wpneu\/index.php\/wp-json\/wp\/v2\/posts\/1420\/revisions\/2423"}],"wp:featuredmedia":[{"embeddable":true,"href":"https:\/\/saf-wien.at\/wpneu\/index.php\/wp-json\/wp\/v2\/posts\/1410"}],"wp:attachment":[{"href":"https:\/\/saf-wien.at\/wpneu\/index.php\/wp-json\/wp\/v2\/media?parent=1420"}],"wp:term":[{"taxonomy":"category","embeddable":true,"href":"https:\/\/saf-wien.at\/wpneu\/index.php\/wp-json\/wp\/v2\/categories?post=1420"},{"taxonomy":"post_tag","embeddable":true,"href":"https:\/\/saf-wien.at\/wpneu\/index.php\/wp-json\/wp\/v2\/tags?post=1420"}],"curies":[{"name":"wp","href":"https:\/\/api.w.org\/{rel}","templated":true}]}}