{"id":140,"date":"2016-11-28T13:21:00","date_gmt":"2016-11-28T13:21:00","guid":{"rendered":"https:\/\/saf-wien.at\/wpneu\/index.php\/2016\/11\/28\/eh-ab-in-den-suden-oder-november-trainingswochenende-in-novigrad-2\/"},"modified":"2016-11-28T13:21:00","modified_gmt":"2016-11-28T13:21:00","slug":"eh-ab-in-den-suden-oder-november-trainingswochenende-in-novigrad-2","status":"publish","type":"post","link":"https:\/\/saf-wien.at\/wpneu\/index.php\/2016\/11\/28\/eh-ab-in-den-suden-oder-november-trainingswochenende-in-novigrad-2\/","title":{"rendered":"Eh, ab in den S\u00fcden &#8211; oder: November-Trainingswochenende in Novigrad"},"content":{"rendered":"<p>Wenn die Tage k\u00fcrzer werden, die Temperaturen fallen und der Nebel in die Knochen kriecht, dann tr\u00e4umt man vom sonnigen S\u00fcden. Vom Segeln unter blauem Himmel und einem warmen S\u00fcdwind. <br \/>Die Wetterprognose ist jedoch nicht gerade dazu angetan  uns in diese Gefilde zu locken: 6 Grad Tagesh\u00f6chsttemperatur, Nebel, Regen, kein Wind \ud83d\ude41<\/p>\n<p><img decoding=\"async\" src=\"https:\/\/saf-wien.at\/wpneu\/wp-content\/uploads\/2022\/03\/Novigrad_Anastasia2.jpg\" alt=\"\" \/>Wir fahren trotzdem. Und wieder mal wird alles anders: Luft 20 Grad, Wasser 16. Viel Sonne und 6 bis 10 kn Wind aus Nordost. Wundersch\u00f6nes Segeln &#8211; Herz, was willst du mehr \ud83d\ude42 Am Bild: Anastasia in Action.<\/p>\n<p><img decoding=\"async\" src=\"https:\/\/saf-wien.at\/wpneu\/wp-content\/uploads\/2022\/03\/DSC_1329-1536x864.jpg\" alt=\"\" \/>Mit dabei Noah, Anastasia + J\u00f6rg (von unten nach oben) <\/p>\n","protected":false},"excerpt":{"rendered":"<p>Wenn die Tage k\u00fcrzer werden, die Temperaturen fallen und der Nebel in die Knochen kriecht, dann tr\u00e4umt man vom sonnigen S\u00fcden. Vom Segeln unter blauem Himmel und einem warmen S\u00fcdwind. Die Wetterprognose ist jedoch nicht gerade dazu angetan uns in diese Gefilde zu locken: 6 Grad Tagesh\u00f6chsttemperatur, Nebel, Regen, kein Wind \ud83d\ude41 Wir fahren trotzdem. &#8230; <a title=\"Eh, ab in den S\u00fcden &#8211; oder: November-Trainingswochenende in Novigrad\" class=\"read-more\" href=\"https:\/\/saf-wien.at\/wpneu\/index.php\/2016\/11\/28\/eh-ab-in-den-suden-oder-november-trainingswochenende-in-novigrad-2\/\" aria-label=\"Mehr Informationen \u00fcber Eh, ab in den S\u00fcden &#8211; oder: November-Trainingswochenende in Novigrad\">Weiterlesen<\/a><\/p>\n","protected":false},"author":1,"featured_media":130,"comment_status":"open","ping_status":"open","sticky":false,"template":"","format":"standard","meta":{"footnotes":""},"categories":[1],"tags":[5],"class_list":["post-140","post","type-post","status-publish","format-standard","has-post-thumbnail","hentry","category-uncategorized","tag-training"],"_links":{"self":[{"href":"https:\/\/saf-wien.at\/wpneu\/index.php\/wp-json\/wp\/v2\/posts\/140","targetHints":{"allow":["GET"]}}],"collection":[{"href":"https:\/\/saf-wien.at\/wpneu\/index.php\/wp-json\/wp\/v2\/posts"}],"about":[{"href":"https:\/\/saf-wien.at\/wpneu\/index.php\/wp-json\/wp\/v2\/types\/post"}],"author":[{"embeddable":true,"href":"https:\/\/saf-wien.at\/wpneu\/index.php\/wp-json\/wp\/v2\/users\/1"}],"replies":[{"embeddable":true,"href":"https:\/\/saf-wien.at\/wpneu\/index.php\/wp-json\/wp\/v2\/comments?post=140"}],"version-history":[{"count":0,"href":"https:\/\/saf-wien.at\/wpneu\/index.php\/wp-json\/wp\/v2\/posts\/140\/revisions"}],"wp:featuredmedia":[{"embeddable":true,"href":"https:\/\/saf-wien.at\/wpneu\/index.php\/wp-json\/wp\/v2\/posts\/130"}],"wp:attachment":[{"href":"https:\/\/saf-wien.at\/wpneu\/index.php\/wp-json\/wp\/v2\/media?parent=140"}],"wp:term":[{"taxonomy":"category","embeddable":true,"href":"https:\/\/saf-wien.at\/wpneu\/index.php\/wp-json\/wp\/v2\/categories?post=140"},{"taxonomy":"post_tag","embeddable":true,"href":"https:\/\/saf-wien.at\/wpneu\/index.php\/wp-json\/wp\/v2\/tags?post=140"}],"curies":[{"name":"wp","href":"https:\/\/api.w.org\/{rel}","templated":true}]}}