{"id":1370,"date":"2020-06-30T08:43:37","date_gmt":"2020-06-30T08:43:37","guid":{"rendered":"https:\/\/saf-wien.at\/wpneu\/index.php\/2020\/06\/30\/neustart-furioso\/"},"modified":"2022-04-01T16:01:57","modified_gmt":"2022-04-01T16:01:57","slug":"neustart-furioso","status":"publish","type":"post","link":"https:\/\/saf-wien.at\/wpneu\/index.php\/2020\/06\/30\/neustart-furioso\/","title":{"rendered":"Neustart Furioso"},"content":{"rendered":"<p>Kaum ein Bericht kommt ohne Corona aus. Und kaum einer \u00fcber den Neustart nach Corona.<\/p>\n<p><img decoding=\"async\" src=\"https:\/\/saf-wien.at\/wpneu\/wp-content\/uploads\/2022\/03\/IMG_20200627_144914_klein.jpg\" alt=\"22 Laser-Segler auf der Neuen Donau, vom Damm aus gesehen\" title=\"\" \/><\/p>\n<p>Das trifft auch auf den SAF zu. Der Maipokal, der am 16. &#8211; 17. Mai h\u00e4tte stattfinden sollen und wegen Corona abgesagt werden musste, konnte 2 Monate sp\u00e4ter unter dem Namen Neustartregatta neu ausgetragen werden.<\/p>\n<p><img decoding=\"async\" src=\"https:\/\/saf-wien.at\/wpneu\/wp-content\/uploads\/2022\/03\/IMG_20200627_160138_klein.jpg\" alt=\"Laser Standard und Radial-Segler auf der Neuen Donau\" title=\"\" \/><\/p>\n<p>Ein furioser Neustart. Denn 24 Laser-Segler aus 5 Vereinen, so viele wie noch nie, konnten bei strahlendem Wetter, aber auch unsteten Winden, aufs Wasser gehen.<\/p>\n<p><img decoding=\"async\" src=\"https:\/\/saf-wien.at\/wpneu\/wp-content\/uploads\/2022\/03\/IMG_3236_Ausschnitt.jpg\" alt=\"Laser Standard vor dem Start\" title=\"\" \/><\/p>\n<p>13 Laser-Standard, hier beim Start zur 1. Wettfahrt, k\u00e4mpften um den Wiener Meistertitel der Laser Masters.<\/p>\n<p><img decoding=\"async\" src=\"https:\/\/saf-wien.at\/wpneu\/wp-content\/uploads\/2022\/03\/IMG_20200627_144407_Ausschnitt.jpg\" alt=\"Warten auf Wind. Die Wettfahrtleitung hat AP gesetzt.\" title=\"\" \/><\/p>\n<p>3 Wettfahrten, kein Streicher, und auch einige Wartezeiten taten der guten Stimmung keinen Abbruch. Alle waren froh, endlich wieder gemeinsam auf das Wasser zu d\u00fcrfen.<\/p>\n<p><img decoding=\"async\" src=\"https:\/\/saf-wien.at\/wpneu\/wp-content\/uploads\/2022\/03\/DSCN3385_klein.jpg\" alt=\"Die Sieger der Laser Master Landesmeisterschaft.\" title=\"\" \/><\/p>\n<p>Markus vor Pascalis und Michael war das Ergebnis der Wiener Landesmeisterschaft. Thomas konnte den 3. Platz bei der allgemeinen Wertung erringen.<\/p>\n<p><img decoding=\"async\" src=\"https:\/\/saf-wien.at\/wpneu\/wp-content\/uploads\/2022\/03\/DSCN3383_klein.jpg\" alt=\"Die SiegerInnen der Radial-Klasse\" \/><\/p>\n<p>Jugend vor. So schauen die Sieger der Zukunft aus. Anastasia vor Clemens und Yvonne.<\/p>\n<p>Die vollst\u00e4ndige Ergebnisliste steht <a href=\"http:\/\/saf-wien.at\/ergebnisse\/safergebnisse.php#Neustart\">hier<\/a>.<\/p>\n","protected":false},"excerpt":{"rendered":"<p>Kaum ein Bericht kommt ohne Corona aus. Und kaum einer \u00fcber den Neustart nach Corona. Das trifft auch auf den SAF zu. Der Maipokal, der am 16. &#8211; 17. Mai h\u00e4tte stattfinden sollen und wegen Corona abgesagt werden musste, konnte 2 Monate sp\u00e4ter unter dem Namen Neustartregatta neu ausgetragen werden. Ein furioser Neustart. Denn 24 &#8230; <a title=\"Neustart Furioso\" class=\"read-more\" href=\"https:\/\/saf-wien.at\/wpneu\/index.php\/2020\/06\/30\/neustart-furioso\/\" aria-label=\"Mehr Informationen \u00fcber Neustart Furioso\">Weiterlesen<\/a><\/p>\n","protected":false},"author":1,"featured_media":1360,"comment_status":"open","ping_status":"open","sticky":false,"template":"","format":"standard","meta":{"footnotes":""},"categories":[11,1],"tags":[],"class_list":["post-1370","post","type-post","status-publish","format-standard","has-post-thumbnail","hentry","category-regatta","category-uncategorized"],"_links":{"self":[{"href":"https:\/\/saf-wien.at\/wpneu\/index.php\/wp-json\/wp\/v2\/posts\/1370","targetHints":{"allow":["GET"]}}],"collection":[{"href":"https:\/\/saf-wien.at\/wpneu\/index.php\/wp-json\/wp\/v2\/posts"}],"about":[{"href":"https:\/\/saf-wien.at\/wpneu\/index.php\/wp-json\/wp\/v2\/types\/post"}],"author":[{"embeddable":true,"href":"https:\/\/saf-wien.at\/wpneu\/index.php\/wp-json\/wp\/v2\/users\/1"}],"replies":[{"embeddable":true,"href":"https:\/\/saf-wien.at\/wpneu\/index.php\/wp-json\/wp\/v2\/comments?post=1370"}],"version-history":[{"count":1,"href":"https:\/\/saf-wien.at\/wpneu\/index.php\/wp-json\/wp\/v2\/posts\/1370\/revisions"}],"predecessor-version":[{"id":2426,"href":"https:\/\/saf-wien.at\/wpneu\/index.php\/wp-json\/wp\/v2\/posts\/1370\/revisions\/2426"}],"wp:featuredmedia":[{"embeddable":true,"href":"https:\/\/saf-wien.at\/wpneu\/index.php\/wp-json\/wp\/v2\/posts\/1360"}],"wp:attachment":[{"href":"https:\/\/saf-wien.at\/wpneu\/index.php\/wp-json\/wp\/v2\/media?parent=1370"}],"wp:term":[{"taxonomy":"category","embeddable":true,"href":"https:\/\/saf-wien.at\/wpneu\/index.php\/wp-json\/wp\/v2\/categories?post=1370"},{"taxonomy":"post_tag","embeddable":true,"href":"https:\/\/saf-wien.at\/wpneu\/index.php\/wp-json\/wp\/v2\/tags?post=1370"}],"curies":[{"name":"wp","href":"https:\/\/api.w.org\/{rel}","templated":true}]}}