{"id":1360,"date":"2020-06-09T19:10:15","date_gmt":"2020-06-09T19:10:15","guid":{"rendered":"https:\/\/saf-wien.at\/wpneu\/index.php\/2020\/06\/09\/wann-beginnt-die-segelsaison-auf-der-neuen-donau-wirklich\/"},"modified":"2020-06-09T19:10:15","modified_gmt":"2020-06-09T19:10:15","slug":"wann-beginnt-die-segelsaison-auf-der-neuen-donau-wirklich","status":"publish","type":"post","link":"https:\/\/saf-wien.at\/wpneu\/index.php\/2020\/06\/09\/wann-beginnt-die-segelsaison-auf-der-neuen-donau-wirklich\/","title":{"rendered":"Wann beginnt die Segelsaison auf der Neuen Donau wirklich?"},"content":{"rendered":"<p>Mit dem Auswintern der Boote? <br \/>Mit der ersten Ausfahrt, dem ersten Training, der ersten Kenterung?<\/p>\n<p><img decoding=\"async\" src=\"https:\/\/saf-wien.at\/wpneu\/wp-content\/uploads\/2022\/03\/Montagsregatta8-6_Ausschnitt.jpg\" alt=\"Laser-Segler auf der Neuen Donau\" title=\"\" \/><\/p>\n<p><strong>Nein, mit der ersten Montagsregatta \ud83d\ude42<\/strong><\/p>\n<p>8 bis 12 kn aus W, 5 Boote am Start. 17 Grad Lufttemperatur. Andi hatte bei beiden Wettfahrten die Nase vorne. Ob ihm da sein etwas gr\u00f6\u00dferes Segel geholfen hat?<\/p>\n<p><img decoding=\"async\" src=\"https:\/\/saf-wien.at\/wpneu\/wp-content\/uploads\/2022\/03\/IMG-20200609-WA0003_klein.jpg\" alt=\"Laser-Segler auf der Neuen Donau\" title=\"\" \/><br \/>Highlight des Tages war jedoch die BM-Jolle von Fabian. Schnell und wundersch\u00f6n. Hoffen wir, dass wir dieses Boot noch \u00f6fter bewundern k\u00f6nnen.<\/p>\n<p><img decoding=\"async\" src=\"https:\/\/saf-wien.at\/wpneu\/wp-content\/uploads\/2022\/03\/image000000.jpg\" alt=\"Laser-Segler warten auf den Regatta-Start\" title=\"\" \/><br \/>Dieter hat das neue Laser-Radial Segel getestet (ganz rechts im Bild, ohne Nummer). Und war damit ganz sch\u00f6n schnell.<\/p>\n","protected":false},"excerpt":{"rendered":"<p>Mit dem Auswintern der Boote? Mit der ersten Ausfahrt, dem ersten Training, der ersten Kenterung? Nein, mit der ersten Montagsregatta \ud83d\ude42 8 bis 12 kn aus W, 5 Boote am Start. 17 Grad Lufttemperatur. Andi hatte bei beiden Wettfahrten die Nase vorne. Ob ihm da sein etwas gr\u00f6\u00dferes Segel geholfen hat? Highlight des Tages war &#8230; <a title=\"Wann beginnt die Segelsaison auf der Neuen Donau wirklich?\" class=\"read-more\" href=\"https:\/\/saf-wien.at\/wpneu\/index.php\/2020\/06\/09\/wann-beginnt-die-segelsaison-auf-der-neuen-donau-wirklich\/\" aria-label=\"Mehr Informationen \u00fcber Wann beginnt die Segelsaison auf der Neuen Donau wirklich?\">Weiterlesen<\/a><\/p>\n","protected":false},"author":1,"featured_media":1350,"comment_status":"open","ping_status":"open","sticky":false,"template":"","format":"standard","meta":{"footnotes":""},"categories":[1],"tags":[],"class_list":["post-1360","post","type-post","status-publish","format-standard","has-post-thumbnail","hentry","category-uncategorized"],"_links":{"self":[{"href":"https:\/\/saf-wien.at\/wpneu\/index.php\/wp-json\/wp\/v2\/posts\/1360","targetHints":{"allow":["GET"]}}],"collection":[{"href":"https:\/\/saf-wien.at\/wpneu\/index.php\/wp-json\/wp\/v2\/posts"}],"about":[{"href":"https:\/\/saf-wien.at\/wpneu\/index.php\/wp-json\/wp\/v2\/types\/post"}],"author":[{"embeddable":true,"href":"https:\/\/saf-wien.at\/wpneu\/index.php\/wp-json\/wp\/v2\/users\/1"}],"replies":[{"embeddable":true,"href":"https:\/\/saf-wien.at\/wpneu\/index.php\/wp-json\/wp\/v2\/comments?post=1360"}],"version-history":[{"count":0,"href":"https:\/\/saf-wien.at\/wpneu\/index.php\/wp-json\/wp\/v2\/posts\/1360\/revisions"}],"wp:featuredmedia":[{"embeddable":true,"href":"https:\/\/saf-wien.at\/wpneu\/index.php\/wp-json\/wp\/v2\/posts\/1350"}],"wp:attachment":[{"href":"https:\/\/saf-wien.at\/wpneu\/index.php\/wp-json\/wp\/v2\/media?parent=1360"}],"wp:term":[{"taxonomy":"category","embeddable":true,"href":"https:\/\/saf-wien.at\/wpneu\/index.php\/wp-json\/wp\/v2\/categories?post=1360"},{"taxonomy":"post_tag","embeddable":true,"href":"https:\/\/saf-wien.at\/wpneu\/index.php\/wp-json\/wp\/v2\/tags?post=1360"}],"curies":[{"name":"wp","href":"https:\/\/api.w.org\/{rel}","templated":true}]}}