{"id":1330,"date":"2020-05-24T19:55:33","date_gmt":"2020-05-24T19:55:33","guid":{"rendered":"https:\/\/saf-wien.at\/wpneu\/index.php\/2020\/05\/24\/from-la-to-ny\/"},"modified":"2020-05-24T19:55:33","modified_gmt":"2020-05-24T19:55:33","slug":"from-la-to-ny","status":"publish","type":"post","link":"https:\/\/saf-wien.at\/wpneu\/index.php\/2020\/05\/24\/from-la-to-ny\/","title":{"rendered":"From LA to NY &#8230;"},"content":{"rendered":"<p>&#8230; nein, nicht ganz. Von der Neuen Donau nach Breitenbrunn. Auch das ist in den heutigen Zeiten schon &#8211; fast &#8211; eine Weltreise.<\/p>\n<p>&#8222;Cause I&#8217;m livin my life just to sail and be free&#8220; oder so \u00e4hnlich hei\u00dft es im obengenannten Lied von Patsy Gallant.<\/p>\n<p><img decoding=\"async\" src=\"https:\/\/saf-wien.at\/wpneu\/wp-content\/uploads\/2022\/03\/IMG_20200520_180143_Ausschnitt_klein.jpg\" alt=\"Laser-Training auf der Neuen Donau\" title=\"\" \/><br \/>Begonnen hat es am Mittwoch, den 20.5. Training auf der Neuen Donau mit Lukas Hobiger als Trainer bei (in B\u00f6en) 18 kn aus N.<\/p>\n<p><img decoding=\"async\" src=\"https:\/\/saf-wien.at\/wpneu\/wp-content\/uploads\/2022\/03\/IMG_20200524_105314_klein.jpg\" alt=\"Yacht Club Breitenbrunn mit Lasern im Vordergrund\" title=\"\" \/><br \/>Ein Tag sp\u00e4ter, gleicher Trainer, gleiches Boot, anderer Ort. \u00dcbersiedlung nach Breitenbrunn. 2 Wochen nach dem Training auf der Neuen Donau konnte die Laser-Klassenvereinigung gemeinsam mit dem Landessegelverband Burgenland ein Laser-Training organisieren.<\/p>\n<p><img decoding=\"async\" src=\"https:\/\/saf-wien.at\/wpneu\/wp-content\/uploads\/2022\/03\/IMG_6150_Ausschnitt.jpg\" alt=\"Laser-Gruppe am Neusiedlersee\" title=\"\" \/><br \/>16 Laseer-Segler aller Alters- und Leistungsklassen, aufgeteilt in 2 Gruppen, versuchten sich wieder, dem Ph\u00e4nomen Neusiedler See anzun\u00e4hern. Von &#8222;fast kein Wind&#8220; aus S\u00fcd mit Sonnenschein &#8230;<\/p>\n<p><img decoding=\"async\" src=\"https:\/\/saf-wien.at\/wpneu\/wp-content\/uploads\/2022\/03\/IMG_6115_klein.jpg\" alt=\"Laser-Segeln am Neusiedlersee bei Regen und Sturm\" title=\"\" \/><br \/>&#8230; bis \u00fcber 20 kn aus NW und Regen waren alle Wetterbedingungen vorhanden. An Abwechslung hat es also nicht gefehlt. <\/p>\n<p><img decoding=\"async\" src=\"https:\/\/saf-wien.at\/wpneu\/wp-content\/uploads\/2022\/03\/IMG_6131_klein.jpg\" alt=\"Laser-Segeln am Neusiedlersee bei Regen und Sturm\" title=\"\" \/><br \/>Das Bestreben der Klassenvereinigung ist es, m\u00f6glichst alle durch Corona entfallenen Trainings wieder nachzuholen. Dieses Training war sicher einmal ein gro\u00dfer Schritt in diese Richtung. Wir danken allen, die dieses Training organisiert und durchgef\u00fchrt haben.<\/p>\n","protected":false},"excerpt":{"rendered":"<p>&#8230; nein, nicht ganz. Von der Neuen Donau nach Breitenbrunn. Auch das ist in den heutigen Zeiten schon &#8211; fast &#8211; eine Weltreise. &#8222;Cause I&#8217;m livin my life just to sail and be free&#8220; oder so \u00e4hnlich hei\u00dft es im obengenannten Lied von Patsy Gallant. Begonnen hat es am Mittwoch, den 20.5. Training auf der &#8230; <a title=\"From LA to NY &#8230;\" class=\"read-more\" href=\"https:\/\/saf-wien.at\/wpneu\/index.php\/2020\/05\/24\/from-la-to-ny\/\" aria-label=\"Mehr Informationen \u00fcber From LA to NY &#8230;\">Weiterlesen<\/a><\/p>\n","protected":false},"author":1,"featured_media":1320,"comment_status":"open","ping_status":"open","sticky":false,"template":"","format":"standard","meta":{"footnotes":""},"categories":[1],"tags":[],"class_list":["post-1330","post","type-post","status-publish","format-standard","has-post-thumbnail","hentry","category-uncategorized"],"_links":{"self":[{"href":"https:\/\/saf-wien.at\/wpneu\/index.php\/wp-json\/wp\/v2\/posts\/1330","targetHints":{"allow":["GET"]}}],"collection":[{"href":"https:\/\/saf-wien.at\/wpneu\/index.php\/wp-json\/wp\/v2\/posts"}],"about":[{"href":"https:\/\/saf-wien.at\/wpneu\/index.php\/wp-json\/wp\/v2\/types\/post"}],"author":[{"embeddable":true,"href":"https:\/\/saf-wien.at\/wpneu\/index.php\/wp-json\/wp\/v2\/users\/1"}],"replies":[{"embeddable":true,"href":"https:\/\/saf-wien.at\/wpneu\/index.php\/wp-json\/wp\/v2\/comments?post=1330"}],"version-history":[{"count":0,"href":"https:\/\/saf-wien.at\/wpneu\/index.php\/wp-json\/wp\/v2\/posts\/1330\/revisions"}],"wp:featuredmedia":[{"embeddable":true,"href":"https:\/\/saf-wien.at\/wpneu\/index.php\/wp-json\/wp\/v2\/posts\/1320"}],"wp:attachment":[{"href":"https:\/\/saf-wien.at\/wpneu\/index.php\/wp-json\/wp\/v2\/media?parent=1330"}],"wp:term":[{"taxonomy":"category","embeddable":true,"href":"https:\/\/saf-wien.at\/wpneu\/index.php\/wp-json\/wp\/v2\/categories?post=1330"},{"taxonomy":"post_tag","embeddable":true,"href":"https:\/\/saf-wien.at\/wpneu\/index.php\/wp-json\/wp\/v2\/tags?post=1330"}],"curies":[{"name":"wp","href":"https:\/\/api.w.org\/{rel}","templated":true}]}}