{"id":1320,"date":"2020-05-13T10:42:38","date_gmt":"2020-05-13T10:42:38","guid":{"rendered":"https:\/\/saf-wien.at\/wpneu\/index.php\/2020\/05\/13\/segeltraining-in-corona-zeiten\/"},"modified":"2025-05-25T19:03:15","modified_gmt":"2025-05-25T19:03:15","slug":"segeltraining-in-corona-zeiten","status":"publish","type":"post","link":"https:\/\/saf-wien.at\/wpneu\/index.php\/2020\/05\/13\/segeltraining-in-corona-zeiten\/","title":{"rendered":"Segeltraining in Corona-Zeiten."},"content":{"rendered":"<p>Durch die Corona-Krise sind bis auf weiteres keine Regatten m\u00f6glich und Trainings k\u00f6nnen nur in Kleingruppen und bei Einzelsportarten durchgef\u00fchrt werden.<\/p>\n<p><img decoding=\"async\" src=\"https:\/\/saf-wien.at\/wpneu\/wp-content\/uploads\/2022\/03\/IMG_6083_klein.jpg\" alt=\"Gruppe Laser-Segler auf der neuen Donau\" \/>Der Laser bietet sich also als ideales Trainingsboot in dieser Zeit an. <br \/>Er ist an Land problemlos f\u00fcr eine einzelne Person zu handhaben und auch am Wasser sind die Sicherheitsabst\u00e4nde immer leicht einzuhalten.<\/p>\n<p><img decoding=\"async\" src=\"https:\/\/saf-wien.at\/wpneu\/wp-content\/uploads\/2022\/03\/IMG_6084_klein.jpg\" alt=\"Start einer Laser Trainingsregatta\" \/>Die Laser Klassenvereinigung hat als erste Klassenvereinigung \u00d6sterreichs reagiert und ein neues Trainingskonzept ins Leben gerufen:<\/p>\n<p><strong>1 Termin<\/strong>: 9. + 10.5.2020 <br \/><strong>Maximale Teilnehmerzahl<\/strong>: 9 Personen <br \/><strong>4 Reviere<\/strong>: Attersee, Neusiedlersee, Sammitzteich und die Neue Donau <br \/><strong>4 Trainer<\/strong>: Christian Schmid, Andi Geritzer, Herwig B\u00e4umel und Lukas H\u00f6biger <\/p>\n<p><img decoding=\"async\" src=\"https:\/\/saf-wien.at\/wpneu\/wp-content\/uploads\/2022\/03\/IMG_6074_Ausschnitt.jpg\" alt=\"Laser-Gruppe auf der Neuen Donau\" \/>Eine geniale Idee, ein perfekter Start in die neue Saison. <br \/>F\u00fcr viele war es der erste Segeltag in diesem Jahr. Um so mehr haben wir uns \u00fcber den moderaten Wind und das warme Wetter gefreut. Denn die Temperatur der Neuen Donau ist noch immer noch nicht so dass man sich auf ein (erfrischendes) Bad darin wirklich freuen w\u00fcrde. <br \/>Nach 8 Segelstunden verteilt auf 2 Wassertage haben wir jedenfalls ein bisschen was von dem Bootsgef\u00fchl zur\u00fcckgewinnwn k\u00f6nnen, das wir am Ende der letzten Saison noch gehabt haben.<\/p>\n<p><img decoding=\"async\" src=\"https:\/\/saf-wien.at\/wpneu\/wp-content\/uploads\/2022\/03\/IMG_6080_klein.jpg\" alt=\"Laser am Vorwind\" \/>Letztendlich bleibt nur eine Frage offen: wann gibt es ein Da Capo?<\/p>\n<p>Unser Dank geht an Lukas (Hobi) H\u00f6biger, der ein tolles Training f\u00fcr uns organisiert hat. Vielen Dank auch f\u00fcr die Fotos, ohne die dieser Blog Eintrag nicht m\u00f6glich gewesen w\u00e4re.<\/p>\n","protected":false},"excerpt":{"rendered":"<p>Durch die Corona-Krise sind bis auf weiteres keine Regatten m\u00f6glich und Trainings k\u00f6nnen nur in Kleingruppen und bei Einzelsportarten durchgef\u00fchrt werden. Der Laser bietet sich also als ideales Trainingsboot in dieser Zeit an. Er ist an Land problemlos f\u00fcr eine einzelne Person zu handhaben und auch am Wasser sind die Sicherheitsabst\u00e4nde immer leicht einzuhalten. Die &#8230; <a title=\"Segeltraining in Corona-Zeiten.\" class=\"read-more\" href=\"https:\/\/saf-wien.at\/wpneu\/index.php\/2020\/05\/13\/segeltraining-in-corona-zeiten\/\" aria-label=\"Mehr Informationen \u00fcber Segeltraining in Corona-Zeiten.\">Weiterlesen<\/a><\/p>\n","protected":false},"author":1,"featured_media":1310,"comment_status":"open","ping_status":"open","sticky":false,"template":"","format":"standard","meta":{"footnotes":""},"categories":[1],"tags":[],"class_list":["post-1320","post","type-post","status-publish","format-standard","has-post-thumbnail","hentry","category-uncategorized"],"_links":{"self":[{"href":"https:\/\/saf-wien.at\/wpneu\/index.php\/wp-json\/wp\/v2\/posts\/1320","targetHints":{"allow":["GET"]}}],"collection":[{"href":"https:\/\/saf-wien.at\/wpneu\/index.php\/wp-json\/wp\/v2\/posts"}],"about":[{"href":"https:\/\/saf-wien.at\/wpneu\/index.php\/wp-json\/wp\/v2\/types\/post"}],"author":[{"embeddable":true,"href":"https:\/\/saf-wien.at\/wpneu\/index.php\/wp-json\/wp\/v2\/users\/1"}],"replies":[{"embeddable":true,"href":"https:\/\/saf-wien.at\/wpneu\/index.php\/wp-json\/wp\/v2\/comments?post=1320"}],"version-history":[{"count":1,"href":"https:\/\/saf-wien.at\/wpneu\/index.php\/wp-json\/wp\/v2\/posts\/1320\/revisions"}],"predecessor-version":[{"id":4780,"href":"https:\/\/saf-wien.at\/wpneu\/index.php\/wp-json\/wp\/v2\/posts\/1320\/revisions\/4780"}],"wp:featuredmedia":[{"embeddable":true,"href":"https:\/\/saf-wien.at\/wpneu\/index.php\/wp-json\/wp\/v2\/posts\/1310"}],"wp:attachment":[{"href":"https:\/\/saf-wien.at\/wpneu\/index.php\/wp-json\/wp\/v2\/media?parent=1320"}],"wp:term":[{"taxonomy":"category","embeddable":true,"href":"https:\/\/saf-wien.at\/wpneu\/index.php\/wp-json\/wp\/v2\/categories?post=1320"},{"taxonomy":"post_tag","embeddable":true,"href":"https:\/\/saf-wien.at\/wpneu\/index.php\/wp-json\/wp\/v2\/tags?post=1320"}],"curies":[{"name":"wp","href":"https:\/\/api.w.org\/{rel}","templated":true}]}}