{"id":1290,"date":"2020-04-16T20:09:11","date_gmt":"2020-04-16T20:09:11","guid":{"rendered":"https:\/\/saf-wien.at\/wpneu\/index.php\/2020\/04\/16\/der-1-mai\/"},"modified":"2020-04-16T20:09:11","modified_gmt":"2020-04-16T20:09:11","slug":"der-1-mai","status":"publish","type":"post","link":"https:\/\/saf-wien.at\/wpneu\/index.php\/2020\/04\/16\/der-1-mai\/","title":{"rendered":"Der 1. Mai &#8230;"},"content":{"rendered":"<p>&#8230; wird heuer nicht nur Tag der Arbeit, sondern auch der Tag, an dem, laut Vizekanzler Kogler, das Segelzentrum wieder seinen Betrieb aufnehmen kann. Zumindest den Trainingsbetrieb.<\/p>\n<p>Genauere Infos findet ihr auf der Seite des Ministeriums: <a href=\"https:\/\/www.bmkoes.gv.at\/Themen\/Corona.html\">https:\/\/www.bmkoes.gv.at\/Themen\/Corona.html<\/a> <br \/>und vom \u00d6SV: <a href=\"https:\/\/www.segelverband.at\/de\/segelverband\/news\/freie-fahrt\">https:\/\/www.segelverband.at\/de\/segelverband\/news\/freie-fahrt<\/a> <\/p>\n<p>Wer schon bald wieder segeln m\u00f6chte bitte bei mir melden. Zu Zweit k\u00f6nnen wir ja ein Boot aus dem Regal heben. Das Boot ist ja lange genug um den Sicherheitsabstand einhalten zu k\u00f6nnen. Und auch nicht zu schwer, au\u00dfer es sitzt ein Babyelefant drauf :-))<\/p>\n<h2 id=\"trainingstipps\">Trainingstipps<\/h2>\n<p>Wer diese 2 Wochen n\u00fctzen m\u00f6chte, um seine, durch Home-Office und Quarant\u00e4ne vielleicht etwas eingerostete Kondition wieder etwas aufzubessern, empfehle ich die folgenden YouTube Videos.<\/p>\n<p>In diesen Videos werden einfache \u00dcbungen vorgestellt, die man leicht zu Hause ohne Hilfsmittel machen kann.<\/p>\n<h4 id=\"1aufwrmen\">1. Aufw\u00e4rmen:<\/h4>\n<p>Vor jedem Training empfiehlt sich ein gr\u00fcndliches Aufw\u00e4rmen.<\/p>\n<ul>\n<li><a href=\"https:\/\/www.youtube.com\/watch?v=lwj9NLgP0-Y\">https:\/\/www.youtube.com\/watch?v=lwj9NLgP0-Y<\/a><\/li>\n<\/ul>\n<h4 id=\"2krafttrainingfrarmeundbeine\">2. Krafttraining f\u00fcr Arme und Beine:<\/h4>\n<p>Hier gibt es je ein kleines Video f\u00fcr die Hauptmuskelgruppen: <\/p>\n<ul>\n<li><strong>Beine<\/strong> (<a href=\"https:\/\/www.youtube.com\/watch?v=gNPqzwi_46w\">https:\/\/www.youtube.com\/watch?v=gNPqzwi_46w<\/a>), <\/li>\n<li><strong>Armbeuger<\/strong> (<a href=\"https:\/\/www.youtube.com\/watch?v=rdqsXqdU_C4\">https:\/\/www.youtube.com\/watch?v=rdqsXqdU_C4<\/a>) und<\/li>\n<li><strong>Armstrecker<\/strong> (<a href=\"https:\/\/www.youtube.com\/watch?v=PsiOFKvEAuQ\">https:\/\/www.youtube.com\/watch?v=PsiOFKvEAuQ<\/a>)<\/li>\n<\/ul>\n<h4 id=\"3bungenfrdierumpfmuskulatur\">3. \u00dcbungen f\u00fcr die Rumpfmuskulatur:<\/h4>\n<p>Damit die Kreuzschmerzen nicht zu schlimm werden empfehle ich folgende Videos:<\/p>\n<ul>\n<li><strong>Bauch<\/strong> (<a href=\"https:\/\/www.youtube.com\/watch?v=2T1pP2ScAyU\">https:\/\/www.youtube.com\/watch?v=2T1pP2ScAyU<\/a>) und <\/li>\n<li><strong>R\u00fccken<\/strong> (<a href=\"https:\/\/www.youtube.com\/watch?v=Lhb9Z9n8Dgk\">https:\/\/www.youtube.com\/watch?v=Lhb9Z9n8Dgk<\/a>)<\/li>\n<\/ul>\n<p>Wer Hilfe bei der Trainingsplanung ben\u00f6tigt oder wer Fragen zu einzelnen \u00dcbungen hat kann sich gerne bei mir melden. <\/p>\n","protected":false},"excerpt":{"rendered":"<p>&#8230; wird heuer nicht nur Tag der Arbeit, sondern auch der Tag, an dem, laut Vizekanzler Kogler, das Segelzentrum wieder seinen Betrieb aufnehmen kann. Zumindest den Trainingsbetrieb. Genauere Infos findet ihr auf der Seite des Ministeriums: https:\/\/www.bmkoes.gv.at\/Themen\/Corona.html und vom \u00d6SV: https:\/\/www.segelverband.at\/de\/segelverband\/news\/freie-fahrt Wer schon bald wieder segeln m\u00f6chte bitte bei mir melden. Zu Zweit k\u00f6nnen wir &#8230; <a title=\"Der 1. Mai &#8230;\" class=\"read-more\" href=\"https:\/\/saf-wien.at\/wpneu\/index.php\/2020\/04\/16\/der-1-mai\/\" aria-label=\"Mehr Informationen \u00fcber Der 1. Mai &#8230;\">Weiterlesen<\/a><\/p>\n","protected":false},"author":1,"featured_media":1280,"comment_status":"open","ping_status":"open","sticky":false,"template":"","format":"standard","meta":{"footnotes":""},"categories":[1],"tags":[],"class_list":["post-1290","post","type-post","status-publish","format-standard","has-post-thumbnail","hentry","category-uncategorized"],"_links":{"self":[{"href":"https:\/\/saf-wien.at\/wpneu\/index.php\/wp-json\/wp\/v2\/posts\/1290","targetHints":{"allow":["GET"]}}],"collection":[{"href":"https:\/\/saf-wien.at\/wpneu\/index.php\/wp-json\/wp\/v2\/posts"}],"about":[{"href":"https:\/\/saf-wien.at\/wpneu\/index.php\/wp-json\/wp\/v2\/types\/post"}],"author":[{"embeddable":true,"href":"https:\/\/saf-wien.at\/wpneu\/index.php\/wp-json\/wp\/v2\/users\/1"}],"replies":[{"embeddable":true,"href":"https:\/\/saf-wien.at\/wpneu\/index.php\/wp-json\/wp\/v2\/comments?post=1290"}],"version-history":[{"count":0,"href":"https:\/\/saf-wien.at\/wpneu\/index.php\/wp-json\/wp\/v2\/posts\/1290\/revisions"}],"wp:featuredmedia":[{"embeddable":true,"href":"https:\/\/saf-wien.at\/wpneu\/index.php\/wp-json\/wp\/v2\/posts\/1280"}],"wp:attachment":[{"href":"https:\/\/saf-wien.at\/wpneu\/index.php\/wp-json\/wp\/v2\/media?parent=1290"}],"wp:term":[{"taxonomy":"category","embeddable":true,"href":"https:\/\/saf-wien.at\/wpneu\/index.php\/wp-json\/wp\/v2\/categories?post=1290"},{"taxonomy":"post_tag","embeddable":true,"href":"https:\/\/saf-wien.at\/wpneu\/index.php\/wp-json\/wp\/v2\/tags?post=1290"}],"curies":[{"name":"wp","href":"https:\/\/api.w.org\/{rel}","templated":true}]}}