{"id":1270,"date":"2020-03-17T21:03:02","date_gmt":"2020-03-17T21:03:02","guid":{"rendered":"https:\/\/saf-wien.at\/wpneu\/index.php\/2020\/03\/17\/das-jahr-hat-gut-angefangen-bis\/"},"modified":"2020-03-17T21:03:02","modified_gmt":"2020-03-17T21:03:02","slug":"das-jahr-hat-gut-angefangen-bis","status":"publish","type":"post","link":"https:\/\/saf-wien.at\/wpneu\/index.php\/2020\/03\/17\/das-jahr-hat-gut-angefangen-bis\/","title":{"rendered":"Das Jahr hat gut angefangen, bis &#8230;"},"content":{"rendered":"<p>&#8230; Corona auch \u00fcber uns dr\u00fcbergeschwappt ist.<\/p>\n<p><img decoding=\"async\" src=\"https:\/\/saf-wien.at\/wpneu\/wp-content\/uploads\/2022\/03\/IMG_3443_klein.jpg\" alt=\"\" \/>Eine kleine, letzte Ausfahrt, bevor das Segelzentrum gesperrt wurde, bei 18 kn S\u00fcd, aber nur 8 Grad Lufttemperatur. <br \/>Jetzt stehen die Boote schon wieder im Winterlager. Hoffen wir auf das Beste.<\/p>\n","protected":false},"excerpt":{"rendered":"<p>&#8230; Corona auch \u00fcber uns dr\u00fcbergeschwappt ist. Eine kleine, letzte Ausfahrt, bevor das Segelzentrum gesperrt wurde, bei 18 kn S\u00fcd, aber nur 8 Grad Lufttemperatur. Jetzt stehen die Boote schon wieder im Winterlager. Hoffen wir auf das Beste.<\/p>\n","protected":false},"author":1,"featured_media":1260,"comment_status":"open","ping_status":"open","sticky":false,"template":"","format":"standard","meta":{"footnotes":""},"categories":[1],"tags":[],"class_list":["post-1270","post","type-post","status-publish","format-standard","has-post-thumbnail","hentry","category-uncategorized"],"_links":{"self":[{"href":"https:\/\/saf-wien.at\/wpneu\/index.php\/wp-json\/wp\/v2\/posts\/1270","targetHints":{"allow":["GET"]}}],"collection":[{"href":"https:\/\/saf-wien.at\/wpneu\/index.php\/wp-json\/wp\/v2\/posts"}],"about":[{"href":"https:\/\/saf-wien.at\/wpneu\/index.php\/wp-json\/wp\/v2\/types\/post"}],"author":[{"embeddable":true,"href":"https:\/\/saf-wien.at\/wpneu\/index.php\/wp-json\/wp\/v2\/users\/1"}],"replies":[{"embeddable":true,"href":"https:\/\/saf-wien.at\/wpneu\/index.php\/wp-json\/wp\/v2\/comments?post=1270"}],"version-history":[{"count":0,"href":"https:\/\/saf-wien.at\/wpneu\/index.php\/wp-json\/wp\/v2\/posts\/1270\/revisions"}],"wp:featuredmedia":[{"embeddable":true,"href":"https:\/\/saf-wien.at\/wpneu\/index.php\/wp-json\/wp\/v2\/posts\/1260"}],"wp:attachment":[{"href":"https:\/\/saf-wien.at\/wpneu\/index.php\/wp-json\/wp\/v2\/media?parent=1270"}],"wp:term":[{"taxonomy":"category","embeddable":true,"href":"https:\/\/saf-wien.at\/wpneu\/index.php\/wp-json\/wp\/v2\/categories?post=1270"},{"taxonomy":"post_tag","embeddable":true,"href":"https:\/\/saf-wien.at\/wpneu\/index.php\/wp-json\/wp\/v2\/tags?post=1270"}],"curies":[{"name":"wp","href":"https:\/\/api.w.org\/{rel}","templated":true}]}}