{"id":120,"date":"2016-11-19T10:19:00","date_gmt":"2016-11-19T10:19:00","guid":{"rendered":"https:\/\/saf-wien.at\/wpneu\/index.php\/2016\/11\/19\/quo-vadis-segelsport\/"},"modified":"2016-11-19T10:19:00","modified_gmt":"2016-11-19T10:19:00","slug":"quo-vadis-segelsport","status":"publish","type":"post","link":"https:\/\/saf-wien.at\/wpneu\/index.php\/2016\/11\/19\/quo-vadis-segelsport\/","title":{"rendered":"Quo vadis Segelsport"},"content":{"rendered":"<p><img decoding=\"async\" src=\"https:\/\/saf-wien.at\/wpneu\/wp-content\/uploads\/2022\/03\/DSC_1321-1536x864.jpg\" alt=\"\" \/>Der <a href=\"http:\/\/www.segelverband.at\">\u00d6sterreichische Segelverband<\/a> l\u00e4dt Trainer, Funktion\u00e4re, aktive Sportler und interessierte Eltern zu einem Symposium an die Wirtschaftsuniversit\u00e4t Wien. <\/p>\n<p><img decoding=\"async\" src=\"https:\/\/saf-wien.at\/wpneu\/wp-content\/uploads\/2022\/03\/DSC_1317-1536x864.jpg\" alt=\"\" \/>Unter der Leitung von \u00d6SV Pr\u00e4sident Herbert Houf und Leistungssportkoordinator Wolfgang Mayrhofer wird \u00fcber die Zukunft der olympischen Bootsklassen informiert sowie \u00fcber die erforderlichen Kompetenzen im Segelsoprt und die Vereinbarkeit von Schule und Segelsport diskutiert.<\/p>\n<p><img decoding=\"async\" src=\"https:\/\/saf-wien.at\/wpneu\/wp-content\/uploads\/2022\/03\/DSC_1320-1536x864.jpg\" alt=\"\" \/>Mit dabei f\u00fcr den SAF: J\u00f6rg, Daniel und Barbara (von li nach rechts). Toll, dass sich unsere beiden Nacra 17-Segler so kurz vor ihrer Abreise zum Weltcup Finale in Melbourne noch die Zeit nehmen konnten, bei dieser interessanten Veranstaltung teilzunehmen.<\/p>\n<p>Weitere Informationen und Unterlagen zu dieser Veranstaltung auf der <a href=\"http:\/\/www.segelverband.at\/de\/spitzensport\/news\/oesv-symposium-zum-spitzensport-der-zukunft\">Homepage des Segelverbandes<\/a>.<\/p>\n","protected":false},"excerpt":{"rendered":"<p>Der \u00d6sterreichische Segelverband l\u00e4dt Trainer, Funktion\u00e4re, aktive Sportler und interessierte Eltern zu einem Symposium an die Wirtschaftsuniversit\u00e4t Wien. Unter der Leitung von \u00d6SV Pr\u00e4sident Herbert Houf und Leistungssportkoordinator Wolfgang Mayrhofer wird \u00fcber die Zukunft der olympischen Bootsklassen informiert sowie \u00fcber die erforderlichen Kompetenzen im Segelsoprt und die Vereinbarkeit von Schule und Segelsport diskutiert. Mit dabei &#8230; <a title=\"Quo vadis Segelsport\" class=\"read-more\" href=\"https:\/\/saf-wien.at\/wpneu\/index.php\/2016\/11\/19\/quo-vadis-segelsport\/\" aria-label=\"Mehr Informationen \u00fcber Quo vadis Segelsport\">Weiterlesen<\/a><\/p>\n","protected":false},"author":1,"featured_media":110,"comment_status":"open","ping_status":"open","sticky":false,"template":"","format":"standard","meta":{"footnotes":""},"categories":[1],"tags":[4],"class_list":["post-120","post","type-post","status-publish","format-standard","has-post-thumbnail","hentry","category-uncategorized","tag-neuigkeiten"],"_links":{"self":[{"href":"https:\/\/saf-wien.at\/wpneu\/index.php\/wp-json\/wp\/v2\/posts\/120","targetHints":{"allow":["GET"]}}],"collection":[{"href":"https:\/\/saf-wien.at\/wpneu\/index.php\/wp-json\/wp\/v2\/posts"}],"about":[{"href":"https:\/\/saf-wien.at\/wpneu\/index.php\/wp-json\/wp\/v2\/types\/post"}],"author":[{"embeddable":true,"href":"https:\/\/saf-wien.at\/wpneu\/index.php\/wp-json\/wp\/v2\/users\/1"}],"replies":[{"embeddable":true,"href":"https:\/\/saf-wien.at\/wpneu\/index.php\/wp-json\/wp\/v2\/comments?post=120"}],"version-history":[{"count":0,"href":"https:\/\/saf-wien.at\/wpneu\/index.php\/wp-json\/wp\/v2\/posts\/120\/revisions"}],"wp:featuredmedia":[{"embeddable":true,"href":"https:\/\/saf-wien.at\/wpneu\/index.php\/wp-json\/wp\/v2\/posts\/110"}],"wp:attachment":[{"href":"https:\/\/saf-wien.at\/wpneu\/index.php\/wp-json\/wp\/v2\/media?parent=120"}],"wp:term":[{"taxonomy":"category","embeddable":true,"href":"https:\/\/saf-wien.at\/wpneu\/index.php\/wp-json\/wp\/v2\/categories?post=120"},{"taxonomy":"post_tag","embeddable":true,"href":"https:\/\/saf-wien.at\/wpneu\/index.php\/wp-json\/wp\/v2\/tags?post=120"}],"curies":[{"name":"wp","href":"https:\/\/api.w.org\/{rel}","templated":true}]}}