{"id":1180,"date":"2019-08-28T19:04:14","date_gmt":"2019-08-28T19:04:14","guid":{"rendered":"https:\/\/saf-wien.at\/wpneu\/index.php\/2019\/08\/28\/tag-3-der-segelwoche\/"},"modified":"2019-08-28T19:04:14","modified_gmt":"2019-08-28T19:04:14","slug":"tag-3-der-segelwoche","status":"publish","type":"post","link":"https:\/\/saf-wien.at\/wpneu\/index.php\/2019\/08\/28\/tag-3-der-segelwoche\/","title":{"rendered":"Tag 3 der Segelwoche"},"content":{"rendered":"<p>Die Nacht war ereignisreich. W\u00e4hrend die Kinder bereits schliefen, haben wir Erwachsene live miterlebt, wie sich <a href=\"https:\/\/de.wikipedia.org\/wiki\/Tigerschnegel\">Tigerschnegel<\/a> paaren. <\/p>\n<p>Es war schon sehr fr\u00fch Tagwache und nach einem schokoladigen Fr\u00fchst\u00fcck konnten es die Kinder kaum erwarten wieder mit dem Surfbrett durch die Gegend zu paddeln. <br \/>Auch mit dem Opti wurden die ersten Erfahrungen gemacht. Die Kinder haben das selbstst\u00e4ndige Steuern ausprobiert.<\/p>\n<p><img decoding=\"async\" src=\"https:\/\/saf-wien.at\/wpneu\/wp-content\/uploads\/2022\/03\/upload-1567018288.jpg\" alt=\"Opti mit doppelter Besatzung\" \/><\/p>\n<p>Das Zelt ist zwar nach wie vor aufgebaut &#8211; aber wir ziehen es vor im k\u00fchleren und ruhigen Clubraum zu \u00fcbernachten.<\/p>\n","protected":false},"excerpt":{"rendered":"<p>Die Nacht war ereignisreich. W\u00e4hrend die Kinder bereits schliefen, haben wir Erwachsene live miterlebt, wie sich Tigerschnegel paaren. Es war schon sehr fr\u00fch Tagwache und nach einem schokoladigen Fr\u00fchst\u00fcck konnten es die Kinder kaum erwarten wieder mit dem Surfbrett durch die Gegend zu paddeln. Auch mit dem Opti wurden die ersten Erfahrungen gemacht. Die Kinder &#8230; <a title=\"Tag 3 der Segelwoche\" class=\"read-more\" href=\"https:\/\/saf-wien.at\/wpneu\/index.php\/2019\/08\/28\/tag-3-der-segelwoche\/\" aria-label=\"Mehr Informationen \u00fcber Tag 3 der Segelwoche\">Weiterlesen<\/a><\/p>\n","protected":false},"author":3,"featured_media":1170,"comment_status":"open","ping_status":"open","sticky":false,"template":"","format":"standard","meta":{"footnotes":""},"categories":[1],"tags":[],"class_list":["post-1180","post","type-post","status-publish","format-standard","has-post-thumbnail","hentry","category-uncategorized"],"_links":{"self":[{"href":"https:\/\/saf-wien.at\/wpneu\/index.php\/wp-json\/wp\/v2\/posts\/1180","targetHints":{"allow":["GET"]}}],"collection":[{"href":"https:\/\/saf-wien.at\/wpneu\/index.php\/wp-json\/wp\/v2\/posts"}],"about":[{"href":"https:\/\/saf-wien.at\/wpneu\/index.php\/wp-json\/wp\/v2\/types\/post"}],"author":[{"embeddable":true,"href":"https:\/\/saf-wien.at\/wpneu\/index.php\/wp-json\/wp\/v2\/users\/3"}],"replies":[{"embeddable":true,"href":"https:\/\/saf-wien.at\/wpneu\/index.php\/wp-json\/wp\/v2\/comments?post=1180"}],"version-history":[{"count":0,"href":"https:\/\/saf-wien.at\/wpneu\/index.php\/wp-json\/wp\/v2\/posts\/1180\/revisions"}],"wp:featuredmedia":[{"embeddable":true,"href":"https:\/\/saf-wien.at\/wpneu\/index.php\/wp-json\/"}],"wp:attachment":[{"href":"https:\/\/saf-wien.at\/wpneu\/index.php\/wp-json\/wp\/v2\/media?parent=1180"}],"wp:term":[{"taxonomy":"category","embeddable":true,"href":"https:\/\/saf-wien.at\/wpneu\/index.php\/wp-json\/wp\/v2\/categories?post=1180"},{"taxonomy":"post_tag","embeddable":true,"href":"https:\/\/saf-wien.at\/wpneu\/index.php\/wp-json\/wp\/v2\/tags?post=1180"}],"curies":[{"name":"wp","href":"https:\/\/api.w.org\/{rel}","templated":true}]}}