{"id":1160,"date":"2019-08-27T18:51:43","date_gmt":"2019-08-27T18:51:43","guid":{"rendered":"https:\/\/saf-wien.at\/wpneu\/index.php\/2019\/08\/27\/tag-2-der-segelwoche\/"},"modified":"2019-08-27T18:51:43","modified_gmt":"2019-08-27T18:51:43","slug":"tag-2-der-segelwoche","status":"publish","type":"post","link":"https:\/\/saf-wien.at\/wpneu\/index.php\/2019\/08\/27\/tag-2-der-segelwoche\/","title":{"rendered":"Tag 2 der Segelwoche"},"content":{"rendered":"<p>Heute am Dienstag war es trocken, sehr warm und es wehte ein guter konstanter Wind (etwa 10 Knoten). <br \/>Die Kinder hatten viel Spa\u00df mit dem Surfbrett (umfunktioniert als SUP) und wir haben sie auch beim Segeln hinterher gezogen. <br \/>Den Kindern gef\u00e4llt es hier so gut, dass wir hier sogar \u00fcbernachten. <\/p>\n<p><img decoding=\"async\" src=\"https:\/\/saf-wien.at\/wpneu\/wp-content\/uploads\/2022\/03\/upload-1566931278.jpg\" alt=\"Zelt vor Terrasse\" \/><\/p>\n<p>Morgen werden wir mal einem Opti ausprobieren. <\/p>\n","protected":false},"excerpt":{"rendered":"<p>Heute am Dienstag war es trocken, sehr warm und es wehte ein guter konstanter Wind (etwa 10 Knoten). Die Kinder hatten viel Spa\u00df mit dem Surfbrett (umfunktioniert als SUP) und wir haben sie auch beim Segeln hinterher gezogen. Den Kindern gef\u00e4llt es hier so gut, dass wir hier sogar \u00fcbernachten. Morgen werden wir mal einem &#8230; <a title=\"Tag 2 der Segelwoche\" class=\"read-more\" href=\"https:\/\/saf-wien.at\/wpneu\/index.php\/2019\/08\/27\/tag-2-der-segelwoche\/\" aria-label=\"Mehr Informationen \u00fcber Tag 2 der Segelwoche\">Weiterlesen<\/a><\/p>\n","protected":false},"author":3,"featured_media":1150,"comment_status":"open","ping_status":"open","sticky":false,"template":"","format":"standard","meta":{"footnotes":""},"categories":[1],"tags":[],"class_list":["post-1160","post","type-post","status-publish","format-standard","has-post-thumbnail","hentry","category-uncategorized"],"_links":{"self":[{"href":"https:\/\/saf-wien.at\/wpneu\/index.php\/wp-json\/wp\/v2\/posts\/1160","targetHints":{"allow":["GET"]}}],"collection":[{"href":"https:\/\/saf-wien.at\/wpneu\/index.php\/wp-json\/wp\/v2\/posts"}],"about":[{"href":"https:\/\/saf-wien.at\/wpneu\/index.php\/wp-json\/wp\/v2\/types\/post"}],"author":[{"embeddable":true,"href":"https:\/\/saf-wien.at\/wpneu\/index.php\/wp-json\/wp\/v2\/users\/3"}],"replies":[{"embeddable":true,"href":"https:\/\/saf-wien.at\/wpneu\/index.php\/wp-json\/wp\/v2\/comments?post=1160"}],"version-history":[{"count":0,"href":"https:\/\/saf-wien.at\/wpneu\/index.php\/wp-json\/wp\/v2\/posts\/1160\/revisions"}],"wp:featuredmedia":[{"embeddable":true,"href":"https:\/\/saf-wien.at\/wpneu\/index.php\/wp-json\/wp\/v2\/posts\/1150"}],"wp:attachment":[{"href":"https:\/\/saf-wien.at\/wpneu\/index.php\/wp-json\/wp\/v2\/media?parent=1160"}],"wp:term":[{"taxonomy":"category","embeddable":true,"href":"https:\/\/saf-wien.at\/wpneu\/index.php\/wp-json\/wp\/v2\/categories?post=1160"},{"taxonomy":"post_tag","embeddable":true,"href":"https:\/\/saf-wien.at\/wpneu\/index.php\/wp-json\/wp\/v2\/tags?post=1160"}],"curies":[{"name":"wp","href":"https:\/\/api.w.org\/{rel}","templated":true}]}}