{"id":1150,"date":"2019-08-26T19:10:39","date_gmt":"2019-08-26T19:10:39","guid":{"rendered":"https:\/\/saf-wien.at\/wpneu\/index.php\/2019\/08\/26\/ferienausklangsregatta-2019\/"},"modified":"2019-08-26T19:10:39","modified_gmt":"2019-08-26T19:10:39","slug":"ferienausklangsregatta-2019","status":"publish","type":"post","link":"https:\/\/saf-wien.at\/wpneu\/index.php\/2019\/08\/26\/ferienausklangsregatta-2019\/","title":{"rendered":"Ferienausklangsregatta 2019"},"content":{"rendered":"<p>Wahrscheinlich hat das warme bew\u00f6lkte Wetter und ein leichter prognostizierter Wind (etwa 8 Knoten aus S\u00fcdwest) viele dazu bewogen bei der Ferienausklangsregatta mitzufahren. <br \/>Der Wind kam dann tats\u00e4chlich aus der angesagten Richtung und die St\u00e4rke passte auch. <br \/>Es waren 7 Boote am Start (1 Pirat, 2 Laser Standard und 4 Laser Radial) und es konnten 3 Wettfahrten gesegelt werden. Gewonnen hat Andreas gefolgt von J\u00f6rg und Dieter. <br \/><img decoding=\"async\" src=\"https:\/\/saf-wien.at\/wpneu\/wp-content\/uploads\/2022\/03\/FA.jpg\" alt=\"Gruppenfoto bei Siegerehrung\" \/>Nach den Wettfahrten wurde der Griller angeheizt und wir Segler haben den Tag gem\u00fctlich ausklingen lassen. <br \/>Und da zumindest ein Sch\u00fcler, n\u00e4mlich Cian, dabei war tr\u00e4gt diese Regatta diesmal zurecht den Namen &#8222;Ferienausklangsregatta&#8220;.<\/p>\n","protected":false},"excerpt":{"rendered":"<p>Wahrscheinlich hat das warme bew\u00f6lkte Wetter und ein leichter prognostizierter Wind (etwa 8 Knoten aus S\u00fcdwest) viele dazu bewogen bei der Ferienausklangsregatta mitzufahren. Der Wind kam dann tats\u00e4chlich aus der angesagten Richtung und die St\u00e4rke passte auch. Es waren 7 Boote am Start (1 Pirat, 2 Laser Standard und 4 Laser Radial) und es konnten &#8230; <a title=\"Ferienausklangsregatta 2019\" class=\"read-more\" href=\"https:\/\/saf-wien.at\/wpneu\/index.php\/2019\/08\/26\/ferienausklangsregatta-2019\/\" aria-label=\"Mehr Informationen \u00fcber Ferienausklangsregatta 2019\">Weiterlesen<\/a><\/p>\n","protected":false},"author":3,"featured_media":1140,"comment_status":"open","ping_status":"open","sticky":false,"template":"","format":"standard","meta":{"footnotes":""},"categories":[1],"tags":[],"class_list":["post-1150","post","type-post","status-publish","format-standard","has-post-thumbnail","hentry","category-uncategorized"],"_links":{"self":[{"href":"https:\/\/saf-wien.at\/wpneu\/index.php\/wp-json\/wp\/v2\/posts\/1150","targetHints":{"allow":["GET"]}}],"collection":[{"href":"https:\/\/saf-wien.at\/wpneu\/index.php\/wp-json\/wp\/v2\/posts"}],"about":[{"href":"https:\/\/saf-wien.at\/wpneu\/index.php\/wp-json\/wp\/v2\/types\/post"}],"author":[{"embeddable":true,"href":"https:\/\/saf-wien.at\/wpneu\/index.php\/wp-json\/wp\/v2\/users\/3"}],"replies":[{"embeddable":true,"href":"https:\/\/saf-wien.at\/wpneu\/index.php\/wp-json\/wp\/v2\/comments?post=1150"}],"version-history":[{"count":0,"href":"https:\/\/saf-wien.at\/wpneu\/index.php\/wp-json\/wp\/v2\/posts\/1150\/revisions"}],"wp:featuredmedia":[{"embeddable":true,"href":"https:\/\/saf-wien.at\/wpneu\/index.php\/wp-json\/wp\/v2\/posts\/1140"}],"wp:attachment":[{"href":"https:\/\/saf-wien.at\/wpneu\/index.php\/wp-json\/wp\/v2\/media?parent=1150"}],"wp:term":[{"taxonomy":"category","embeddable":true,"href":"https:\/\/saf-wien.at\/wpneu\/index.php\/wp-json\/wp\/v2\/categories?post=1150"},{"taxonomy":"post_tag","embeddable":true,"href":"https:\/\/saf-wien.at\/wpneu\/index.php\/wp-json\/wp\/v2\/tags?post=1150"}],"curies":[{"name":"wp","href":"https:\/\/api.w.org\/{rel}","templated":true}]}}