{"id":1140,"date":"2019-08-07T18:46:12","date_gmt":"2019-08-07T18:46:12","guid":{"rendered":"https:\/\/saf-wien.at\/wpneu\/index.php\/2019\/08\/07\/rosenwindpokal-2019\/"},"modified":"2019-08-07T18:46:12","modified_gmt":"2019-08-07T18:46:12","slug":"rosenwindpokal-2019","status":"publish","type":"post","link":"https:\/\/saf-wien.at\/wpneu\/index.php\/2019\/08\/07\/rosenwindpokal-2019\/","title":{"rendered":"Rosenwindpokal 2019"},"content":{"rendered":"<p>Am sch\u00f6nen Attersee gab es am ersten Augustwochenende u.a. eine Pirat- und eine O-Jollen-Regatta. In Summe starteten 27 Boote aus 5 Nationen (Deutschland, Tschechien, Schweiz, Chile und \u00d6sterreich): 9 Piraten und 18 O-Jollen. Albert und ich waren f\u00fcr den SAF bei den Piraten dabei.<\/p>\n<p>Bei leichtem Wind ging es raus zum Startschiff. Dort warteten alle Boote gespannt auf den ersten Start. Leider schlief der Wind fast ein und es wurde die Startverschiebung gesetzt. <br \/><img decoding=\"async\" src=\"https:\/\/saf-wien.at\/wpneu\/wp-content\/uploads\/2022\/03\/DSCN2531.jpg\" alt=\"Startverschiebung am Wasser\" \/>Nach etwa einer Stunde Warten am Wasser hie\u00df es ab in den Hafen. Gerade noch rechtzeitig, denn nach dem Slippen der Boote kam kr\u00e4ftiger Wind auf und es gingen die Sturmwarn-Lichter an.<\/p>\n<p>Es folgten nun mehrere Stunden Warten an Land im Clubhaus (drau\u00dfen sch\u00fcttete es) bis die Sturmwarnung wieder beendet wurde. Die Zeit haben wir uns mit Karten spielen und Plaudern vertrieben.<\/p>\n<p>Gleich nach dem Abschalten der Sturmwarn-Lichter liefen wir wieder aus und brachten bei ordentlichen Wellengang (vom vorhergehenden Sturm) und nicht wirklich passendem Wind 2 Wettfahrten durch. Dabei sind wir nicht nur von unten nass geworden. Der Pirat auf den Miriam war, hat auch manchmal zu zittern begonnen &#8211; der Grund waren ihre Oberschenkelmuskeln.<\/p>\n<p>Bei der zweiten Wettfahrt hatten Albert und ich eine sehr gute Kreuz und rundeten als erste die Luv- und Leetonne. In der n\u00e4chsten Runde verloren wir einen Platz. Den zweiten Platz konnten wir gerade noch ins Ziel retten. Auf dem kurzen Weg zwischen Leeboje und Ziel, holten die beiden Chilenen in Gleitfahrt rasend schnell auf.<\/p>\n<p>Um etwa 18 Uhr waren wir wieder an Land und unsere Anstrengungen wurden mit einer sehr guten Lasagne belohnt.<\/p>\n<p>W\u00e4hrend es am Samstag reichlich Action gab, verlief der Sonntag deutlich ruhiger: Auslauf um 9:15 Uhr gefolgt von langem Warten. Nach einem Startversuch bei den O-Jollen kehrten alle Boote um 12:30 Uhr zur\u00fcck. Danach wurde die Regatta beendet. Brauchbarer Wind wehte &#8211; nat\u00fcrlich &#8211; nur w\u00e4hrend der Siegerehrung.<\/p>\n<p>Das Ergebnis der Regatta ist <a href=\"https:\/\/regatta365.com\/stream\/results\/file\/3490.pdf\/name\/Rosenwindpokal%20-%20SPErgebnisse_Pirat.pdf\">hier<\/a> zu finden.<\/p>\n","protected":false},"excerpt":{"rendered":"<p>Am sch\u00f6nen Attersee gab es am ersten Augustwochenende u.a. eine Pirat- und eine O-Jollen-Regatta. In Summe starteten 27 Boote aus 5 Nationen (Deutschland, Tschechien, Schweiz, Chile und \u00d6sterreich): 9 Piraten und 18 O-Jollen. Albert und ich waren f\u00fcr den SAF bei den Piraten dabei. Bei leichtem Wind ging es raus zum Startschiff. Dort warteten alle &#8230; <a title=\"Rosenwindpokal 2019\" class=\"read-more\" href=\"https:\/\/saf-wien.at\/wpneu\/index.php\/2019\/08\/07\/rosenwindpokal-2019\/\" aria-label=\"Mehr Informationen \u00fcber Rosenwindpokal 2019\">Weiterlesen<\/a><\/p>\n","protected":false},"author":3,"featured_media":1130,"comment_status":"open","ping_status":"open","sticky":false,"template":"","format":"standard","meta":{"footnotes":""},"categories":[1],"tags":[],"class_list":["post-1140","post","type-post","status-publish","format-standard","has-post-thumbnail","hentry","category-uncategorized"],"_links":{"self":[{"href":"https:\/\/saf-wien.at\/wpneu\/index.php\/wp-json\/wp\/v2\/posts\/1140","targetHints":{"allow":["GET"]}}],"collection":[{"href":"https:\/\/saf-wien.at\/wpneu\/index.php\/wp-json\/wp\/v2\/posts"}],"about":[{"href":"https:\/\/saf-wien.at\/wpneu\/index.php\/wp-json\/wp\/v2\/types\/post"}],"author":[{"embeddable":true,"href":"https:\/\/saf-wien.at\/wpneu\/index.php\/wp-json\/wp\/v2\/users\/3"}],"replies":[{"embeddable":true,"href":"https:\/\/saf-wien.at\/wpneu\/index.php\/wp-json\/wp\/v2\/comments?post=1140"}],"version-history":[{"count":0,"href":"https:\/\/saf-wien.at\/wpneu\/index.php\/wp-json\/wp\/v2\/posts\/1140\/revisions"}],"wp:featuredmedia":[{"embeddable":true,"href":"https:\/\/saf-wien.at\/wpneu\/index.php\/wp-json\/wp\/v2\/posts\/1130"}],"wp:attachment":[{"href":"https:\/\/saf-wien.at\/wpneu\/index.php\/wp-json\/wp\/v2\/media?parent=1140"}],"wp:term":[{"taxonomy":"category","embeddable":true,"href":"https:\/\/saf-wien.at\/wpneu\/index.php\/wp-json\/wp\/v2\/categories?post=1140"},{"taxonomy":"post_tag","embeddable":true,"href":"https:\/\/saf-wien.at\/wpneu\/index.php\/wp-json\/wp\/v2\/tags?post=1140"}],"curies":[{"name":"wp","href":"https:\/\/api.w.org\/{rel}","templated":true}]}}