{"id":1130,"date":"2019-06-23T19:41:20","date_gmt":"2019-06-23T19:41:20","guid":{"rendered":"https:\/\/saf-wien.at\/wpneu\/index.php\/2019\/06\/23\/donauinselfestregatta-werner-dohnal-memorial-2019\/"},"modified":"2019-06-23T19:41:20","modified_gmt":"2019-06-23T19:41:20","slug":"donauinselfestregatta-werner-dohnal-memorial-2019","status":"publish","type":"post","link":"https:\/\/saf-wien.at\/wpneu\/index.php\/2019\/06\/23\/donauinselfestregatta-werner-dohnal-memorial-2019\/","title":{"rendered":"Donauinselfestregatta &#8211; Werner Dohnal Memorial 2019"},"content":{"rendered":"<p>Auch dieses Jahr gab es begleitend zum Donauinselfest eine Regatta. Sie fand abseits des gro\u00dfen Trubels statt, aber einige Radfahrer und L\u00e4ufer sind doch kurz stehen geblieben um die Boote am Wasser zu beobachten. <br \/>In Summe waren 14 Boote am Wasser: 6 Piraten und 8 Laser Radial. <br \/>Es wurde ein Pirat-Schwerpunkt sowie die Landesmeisterschaft von Wien in der Klasse Laser Radial ausgetragen. <br \/><img decoding=\"async\" src=\"https:\/\/saf-wien.at\/wpneu\/wp-content\/uploads\/2022\/03\/Medaillen.jpg\" alt=\"Foto der Medaillen\" \/>Leider kam keine Jugendlandesmeisterschaft zu Stande, da nur ein Segler jung genug daf\u00fcr war. <br \/>Die erste Wettfahrt am Samstag war ganz speziell. Bis auf die Startkreuz, gab es sowohl in Richtung n\u00f6rdlicher und s\u00fcdlicher Boje Vorwind. Deshalb haben die Piraten auf jedem Kurs zumindest f\u00fcr kurze Zeit den Spi gesetzt. Am Sonntag kam nach langem Warten \u00fcberraschend guter Wind aus Nord auf und es konnten wieder 2 Wettfahrten gesegelt werden. <br \/>Landesmeister von Wien wurde wieder einmal Markus. Die weiteren Stockerlpl\u00e4tze gingen an Felix gefolgt von Andi. <br \/><img decoding=\"async\" src=\"https:\/\/saf-wien.at\/wpneu\/wp-content\/uploads\/2022\/03\/LaserSieger.jpg\" alt=\"Siegerfoto Laser\" \/>Bei den Piraten waren die Seriensieger Matthias und Manuela auf der obersten Treppe. Der zweite Platz war verwaist, da Alexander und Franz-Dieter schnell zum Flughafen mussten. Albert und ich komplettierten die Podest-Pl\u00e4tze. <br \/><img decoding=\"async\" src=\"https:\/\/saf-wien.at\/wpneu\/wp-content\/uploads\/2022\/03\/PiratSieger.jpg\" alt=\"Siegerfoto Pirat\" \/><\/p>\n","protected":false},"excerpt":{"rendered":"<p>Auch dieses Jahr gab es begleitend zum Donauinselfest eine Regatta. Sie fand abseits des gro\u00dfen Trubels statt, aber einige Radfahrer und L\u00e4ufer sind doch kurz stehen geblieben um die Boote am Wasser zu beobachten. In Summe waren 14 Boote am Wasser: 6 Piraten und 8 Laser Radial. Es wurde ein Pirat-Schwerpunkt sowie die Landesmeisterschaft von &#8230; <a title=\"Donauinselfestregatta &#8211; Werner Dohnal Memorial 2019\" class=\"read-more\" href=\"https:\/\/saf-wien.at\/wpneu\/index.php\/2019\/06\/23\/donauinselfestregatta-werner-dohnal-memorial-2019\/\" aria-label=\"Mehr Informationen \u00fcber Donauinselfestregatta &#8211; Werner Dohnal Memorial 2019\">Weiterlesen<\/a><\/p>\n","protected":false},"author":3,"featured_media":1120,"comment_status":"open","ping_status":"open","sticky":false,"template":"","format":"standard","meta":{"footnotes":""},"categories":[1],"tags":[],"class_list":["post-1130","post","type-post","status-publish","format-standard","has-post-thumbnail","hentry","category-uncategorized"],"_links":{"self":[{"href":"https:\/\/saf-wien.at\/wpneu\/index.php\/wp-json\/wp\/v2\/posts\/1130","targetHints":{"allow":["GET"]}}],"collection":[{"href":"https:\/\/saf-wien.at\/wpneu\/index.php\/wp-json\/wp\/v2\/posts"}],"about":[{"href":"https:\/\/saf-wien.at\/wpneu\/index.php\/wp-json\/wp\/v2\/types\/post"}],"author":[{"embeddable":true,"href":"https:\/\/saf-wien.at\/wpneu\/index.php\/wp-json\/wp\/v2\/users\/3"}],"replies":[{"embeddable":true,"href":"https:\/\/saf-wien.at\/wpneu\/index.php\/wp-json\/wp\/v2\/comments?post=1130"}],"version-history":[{"count":0,"href":"https:\/\/saf-wien.at\/wpneu\/index.php\/wp-json\/wp\/v2\/posts\/1130\/revisions"}],"wp:featuredmedia":[{"embeddable":true,"href":"https:\/\/saf-wien.at\/wpneu\/index.php\/wp-json\/wp\/v2\/posts\/1120"}],"wp:attachment":[{"href":"https:\/\/saf-wien.at\/wpneu\/index.php\/wp-json\/wp\/v2\/media?parent=1130"}],"wp:term":[{"taxonomy":"category","embeddable":true,"href":"https:\/\/saf-wien.at\/wpneu\/index.php\/wp-json\/wp\/v2\/categories?post=1130"},{"taxonomy":"post_tag","embeddable":true,"href":"https:\/\/saf-wien.at\/wpneu\/index.php\/wp-json\/wp\/v2\/tags?post=1130"}],"curies":[{"name":"wp","href":"https:\/\/api.w.org\/{rel}","templated":true}]}}