{"id":1120,"date":"2019-06-10T18:45:54","date_gmt":"2019-06-10T18:45:54","guid":{"rendered":"https:\/\/saf-wien.at\/wpneu\/index.php\/2019\/06\/10\/rahmenprogramm-beim-donauinselfest\/"},"modified":"2019-06-10T18:45:54","modified_gmt":"2019-06-10T18:45:54","slug":"rahmenprogramm-beim-donauinselfest","status":"publish","type":"post","link":"https:\/\/saf-wien.at\/wpneu\/index.php\/2019\/06\/10\/rahmenprogramm-beim-donauinselfest\/","title":{"rendered":"Rahmenprogramm beim Donauinselfest"},"content":{"rendered":"<p>Heuer bieten wir erstmalig bei der Donauinselfest-Regatta auch ein Rahmenprogramm f\u00fcr Vereinsmitglieder, Familienangeh\u00f6rige und Freunde an, die nicht segeln.<\/p>\n<p><strong>Programm:<\/strong><\/p>\n<ol>\n<li>\n<p>Wir treffen einander am <strong>Sonntag, den 23. Juni 2019, um 9:45 Uhr<\/strong> beim Segelverein und wohnen gemeinsam dem Start bei. Die Segler wollen angefeuert werden!<\/p>\n<\/li>\n<li>\n<p>Anschlie\u00dfend gibt es f\u00fcr Interessierte <strong>um etwa 11 Uhr<\/strong> ein Wuzzler-Turnier. Hier wird um Anmeldung gebeten. Bei Interesse schickt uns bitte ein E-Mail an office[at]saf-wien.at<\/p>\n<\/li>\n<li>\n<p>Wer dann noch Lust hat, kann mit hin\u00fcber zu Auerhahn&#8217;s Strandbar gehen und <strong>wir essen zusammen zu Mittag<\/strong> (Getr\u00e4nke und Essen sind selbst zu bezahlen). F\u00fcr die kleinen und auch gro\u00dfen Kinder kann der Tag dann beim Sandburg bauen ausklingen.<\/p>\n<\/li>\n<\/ol>\n<p>Kinder sind herzlich willkommen &#8211; meine werden auch da sein.<\/p>\n","protected":false},"excerpt":{"rendered":"<p>Heuer bieten wir erstmalig bei der Donauinselfest-Regatta auch ein Rahmenprogramm f\u00fcr Vereinsmitglieder, Familienangeh\u00f6rige und Freunde an, die nicht segeln. Programm: Wir treffen einander am Sonntag, den 23. Juni 2019, um 9:45 Uhr beim Segelverein und wohnen gemeinsam dem Start bei. Die Segler wollen angefeuert werden! Anschlie\u00dfend gibt es f\u00fcr Interessierte um etwa 11 Uhr ein &#8230; <a title=\"Rahmenprogramm beim Donauinselfest\" class=\"read-more\" href=\"https:\/\/saf-wien.at\/wpneu\/index.php\/2019\/06\/10\/rahmenprogramm-beim-donauinselfest\/\" aria-label=\"Mehr Informationen \u00fcber Rahmenprogramm beim Donauinselfest\">Weiterlesen<\/a><\/p>\n","protected":false},"author":3,"featured_media":1110,"comment_status":"open","ping_status":"open","sticky":false,"template":"","format":"standard","meta":{"footnotes":""},"categories":[1],"tags":[],"class_list":["post-1120","post","type-post","status-publish","format-standard","has-post-thumbnail","hentry","category-uncategorized"],"_links":{"self":[{"href":"https:\/\/saf-wien.at\/wpneu\/index.php\/wp-json\/wp\/v2\/posts\/1120","targetHints":{"allow":["GET"]}}],"collection":[{"href":"https:\/\/saf-wien.at\/wpneu\/index.php\/wp-json\/wp\/v2\/posts"}],"about":[{"href":"https:\/\/saf-wien.at\/wpneu\/index.php\/wp-json\/wp\/v2\/types\/post"}],"author":[{"embeddable":true,"href":"https:\/\/saf-wien.at\/wpneu\/index.php\/wp-json\/wp\/v2\/users\/3"}],"replies":[{"embeddable":true,"href":"https:\/\/saf-wien.at\/wpneu\/index.php\/wp-json\/wp\/v2\/comments?post=1120"}],"version-history":[{"count":0,"href":"https:\/\/saf-wien.at\/wpneu\/index.php\/wp-json\/wp\/v2\/posts\/1120\/revisions"}],"wp:featuredmedia":[{"embeddable":true,"href":"https:\/\/saf-wien.at\/wpneu\/index.php\/wp-json\/wp\/v2\/posts\/1110"}],"wp:attachment":[{"href":"https:\/\/saf-wien.at\/wpneu\/index.php\/wp-json\/wp\/v2\/media?parent=1120"}],"wp:term":[{"taxonomy":"category","embeddable":true,"href":"https:\/\/saf-wien.at\/wpneu\/index.php\/wp-json\/wp\/v2\/categories?post=1120"},{"taxonomy":"post_tag","embeddable":true,"href":"https:\/\/saf-wien.at\/wpneu\/index.php\/wp-json\/wp\/v2\/tags?post=1120"}],"curies":[{"name":"wp","href":"https:\/\/api.w.org\/{rel}","templated":true}]}}