{"id":1100,"date":"2019-05-28T19:58:39","date_gmt":"2019-05-28T19:58:39","guid":{"rendered":"https:\/\/saf-wien.at\/wpneu\/index.php\/2019\/05\/28\/franky-berger-regatta-2019-2\/"},"modified":"2019-05-28T19:58:39","modified_gmt":"2019-05-28T19:58:39","slug":"franky-berger-regatta-2019-2","status":"publish","type":"post","link":"https:\/\/saf-wien.at\/wpneu\/index.php\/2019\/05\/28\/franky-berger-regatta-2019-2\/","title":{"rendered":"Franky Berger &#8211; Regatta 2019"},"content":{"rendered":"<p>Am Wochende des 25. und 26. Mai fand die Franky Berger &#8211; Regatta auf der Alten Donau statt. Zu dieser Regatta fanden sich 8 Boote beim Yacht Club Seewind ein. Andreas (Albert war gesundheitlich verhindert) und ich haben f\u00fcr den SAF daran teilgenommen.<\/p>\n<p>Am Samstag regte sich zun\u00e4chst kein L\u00fcfterl. Erst nach einer Schiffstaufe &#8211; der sch\u00f6ne Pirat erhielt den Namen Taifun &#8211; gab es gen\u00fcgend Wind f\u00fcr einen Start. <br \/><img decoding=\"async\" src=\"https:\/\/saf-wien.at\/wpneu\/wp-content\/uploads\/2022\/03\/Taifun_Taufe_Personen.jpg\" alt=\"Schiffstaufe Taifun\" \/><img decoding=\"async\" src=\"https:\/\/saf-wien.at\/wpneu\/wp-content\/uploads\/2022\/03\/Taifun.jpg\" alt=\"Holzpirat Taifun\" \/>Aber am dichtesten beieinander waren die Boote nicht beim Start, sondern bei der ersten Luv-Boje. Wir mussten uns au\u00dfen anstellen und diese als 6. zu umrunden. <br \/>Andreas und ich waren zum ersten Mal gemeinsam im Boot. Hinzu kam die unstete Richtung des nur leichten Windes. Es gab viele Dreher; zwei Mal hat der Wind sogar um 180 Grad gedreht. Dadurch konnten wir in dieser Wettfahrt nur einen Platz aufholen.<\/p>\n<p>Am Sonntag gab es unerwartet mehr Wind als am Vortag. Der Grundwind war dennoch sehr gering. Es gab jedoch viele B\u00f6en, die teils nur auf sehr begrenztem Gebiet auftraten. <br \/>Bei der ersten Wettfahrt verhalf uns eine dieser B\u00f6en sogar kurzfristig zum ersten Platz, da sie uns am Vorwind von fast ganz hinten bis ganz nach vorne geschoben hat. Leider hat es nicht geholfen; diese Wettfahrt haben wir als Vorletzte beendet. <br \/>Andreas und ich konnten uns von Wettfahrt zu Wettfahrt steigern. Die Rollwenden funktionierten am Schluss schon sehr gut. Auf Basis eines gelungenen Starts in der letzten Wettfahrt konnten wir diese als Erste beenden. Fairerweise muss man sagen, dass das Sieger-Team (Matthias und Manuela &#8211; wie k\u00f6nnte es anders sein)  nicht gestartet ist. Auch der Gesamt-Zweite hat kurz vor der letzten Lee-Boje aufgegeben; wahrscheinlich weil das Team nach einem miserablen Start etwa 15 Meter hinter uns war.<\/p>\n<p>Das Ergebnis ist <a href=\"http:\/\/www.ycs.at\/regatten\/2019\/2019_Ergebnis_Franky-Regatta.htm\">hier<\/a> zu finden.<\/p>\n","protected":false},"excerpt":{"rendered":"<p>Am Wochende des 25. und 26. Mai fand die Franky Berger &#8211; Regatta auf der Alten Donau statt. Zu dieser Regatta fanden sich 8 Boote beim Yacht Club Seewind ein. Andreas (Albert war gesundheitlich verhindert) und ich haben f\u00fcr den SAF daran teilgenommen. Am Samstag regte sich zun\u00e4chst kein L\u00fcfterl. Erst nach einer Schiffstaufe &#8211; &#8230; <a title=\"Franky Berger &#8211; Regatta 2019\" class=\"read-more\" href=\"https:\/\/saf-wien.at\/wpneu\/index.php\/2019\/05\/28\/franky-berger-regatta-2019-2\/\" aria-label=\"Mehr Informationen \u00fcber Franky Berger &#8211; Regatta 2019\">Weiterlesen<\/a><\/p>\n","protected":false},"author":3,"featured_media":1090,"comment_status":"open","ping_status":"open","sticky":false,"template":"","format":"standard","meta":{"footnotes":""},"categories":[1],"tags":[],"class_list":["post-1100","post","type-post","status-publish","format-standard","has-post-thumbnail","hentry","category-uncategorized"],"_links":{"self":[{"href":"https:\/\/saf-wien.at\/wpneu\/index.php\/wp-json\/wp\/v2\/posts\/1100","targetHints":{"allow":["GET"]}}],"collection":[{"href":"https:\/\/saf-wien.at\/wpneu\/index.php\/wp-json\/wp\/v2\/posts"}],"about":[{"href":"https:\/\/saf-wien.at\/wpneu\/index.php\/wp-json\/wp\/v2\/types\/post"}],"author":[{"embeddable":true,"href":"https:\/\/saf-wien.at\/wpneu\/index.php\/wp-json\/wp\/v2\/users\/3"}],"replies":[{"embeddable":true,"href":"https:\/\/saf-wien.at\/wpneu\/index.php\/wp-json\/wp\/v2\/comments?post=1100"}],"version-history":[{"count":0,"href":"https:\/\/saf-wien.at\/wpneu\/index.php\/wp-json\/wp\/v2\/posts\/1100\/revisions"}],"wp:featuredmedia":[{"embeddable":true,"href":"https:\/\/saf-wien.at\/wpneu\/index.php\/wp-json\/wp\/v2\/posts\/1090"}],"wp:attachment":[{"href":"https:\/\/saf-wien.at\/wpneu\/index.php\/wp-json\/wp\/v2\/media?parent=1100"}],"wp:term":[{"taxonomy":"category","embeddable":true,"href":"https:\/\/saf-wien.at\/wpneu\/index.php\/wp-json\/wp\/v2\/categories?post=1100"},{"taxonomy":"post_tag","embeddable":true,"href":"https:\/\/saf-wien.at\/wpneu\/index.php\/wp-json\/wp\/v2\/tags?post=1100"}],"curies":[{"name":"wp","href":"https:\/\/api.w.org\/{rel}","templated":true}]}}