{"id":1090,"date":"2019-05-18T19:45:25","date_gmt":"2019-05-18T19:45:25","guid":{"rendered":"https:\/\/saf-wien.at\/wpneu\/index.php\/2019\/05\/18\/untitled\/"},"modified":"2019-05-18T19:45:25","modified_gmt":"2019-05-18T19:45:25","slug":"untitled","status":"publish","type":"post","link":"https:\/\/saf-wien.at\/wpneu\/index.php\/2019\/05\/18\/untitled\/","title":{"rendered":"Vollmondfahrt Mai 2019 &#8211; ein sehr sch\u00f6ner Segelabend bzw. Nacht"},"content":{"rendered":"<p>Wind und klarer Himmel waren ideal &#8211; also konnten wir unsere Vollmondfahrt am 17. Mai 2019 durchf\u00fchren. Der Wind kam mit etwa 8 Knoten aus S\u00fcden. 15 Personen und 8 unterschiedliche Boote (Aquilla, Xylon, Pirat, 420, O-jolle, 3 Laser und ein Motorboot) kreuzten gem\u00fctlich zur Copa Cagrana hinauf. Es dauerte knappe 2 Stunden.<\/p>\n<p><img decoding=\"async\" src=\"https:\/\/saf-wien.at\/wpneu\/wp-content\/uploads\/2022\/03\/Vollmond.jpg\" alt=\"Vollmond beim hinsegeln\" \/><\/p>\n<p>Beim Griechen auf der Copa Cagrana hatten wir unsere Boote immer gut im Blick und es gab f\u00fcr alle Teilnehmer ein Abendessen.<\/p>\n<p><img decoding=\"async\" src=\"https:\/\/saf-wien.at\/wpneu\/wp-content\/uploads\/2022\/03\/Sonnenuntergang.jpg\" alt=\"Sonnenuntergang und Boote\" \/><\/p>\n<p>Der Wind wehte sogar w\u00e4hrend der R\u00fcckfahrt. Vorwind ging es dann zur\u00fcck und die Fahrt hat nur 45 Minuten gedauert (etwa 5,6 Knoten). Bei einer kleinen Nachbesprechung mit Popcorn und Erdn\u00fcssen im Clubraum haben wir einen Termin f\u00fcr die n\u00e4chste Vollmondfahrt festgelegt &#8211; Samstag der 15. Juni. <\/p>\n","protected":false},"excerpt":{"rendered":"<p>Wind und klarer Himmel waren ideal &#8211; also konnten wir unsere Vollmondfahrt am 17. Mai 2019 durchf\u00fchren. Der Wind kam mit etwa 8 Knoten aus S\u00fcden. 15 Personen und 8 unterschiedliche Boote (Aquilla, Xylon, Pirat, 420, O-jolle, 3 Laser und ein Motorboot) kreuzten gem\u00fctlich zur Copa Cagrana hinauf. Es dauerte knappe 2 Stunden. Beim Griechen &#8230; <a title=\"Vollmondfahrt Mai 2019 &#8211; ein sehr sch\u00f6ner Segelabend bzw. Nacht\" class=\"read-more\" href=\"https:\/\/saf-wien.at\/wpneu\/index.php\/2019\/05\/18\/untitled\/\" aria-label=\"Mehr Informationen \u00fcber Vollmondfahrt Mai 2019 &#8211; ein sehr sch\u00f6ner Segelabend bzw. Nacht\">Weiterlesen<\/a><\/p>\n","protected":false},"author":3,"featured_media":1080,"comment_status":"open","ping_status":"open","sticky":false,"template":"","format":"standard","meta":{"footnotes":""},"categories":[1],"tags":[],"class_list":["post-1090","post","type-post","status-publish","format-standard","has-post-thumbnail","hentry","category-uncategorized"],"_links":{"self":[{"href":"https:\/\/saf-wien.at\/wpneu\/index.php\/wp-json\/wp\/v2\/posts\/1090","targetHints":{"allow":["GET"]}}],"collection":[{"href":"https:\/\/saf-wien.at\/wpneu\/index.php\/wp-json\/wp\/v2\/posts"}],"about":[{"href":"https:\/\/saf-wien.at\/wpneu\/index.php\/wp-json\/wp\/v2\/types\/post"}],"author":[{"embeddable":true,"href":"https:\/\/saf-wien.at\/wpneu\/index.php\/wp-json\/wp\/v2\/users\/3"}],"replies":[{"embeddable":true,"href":"https:\/\/saf-wien.at\/wpneu\/index.php\/wp-json\/wp\/v2\/comments?post=1090"}],"version-history":[{"count":1,"href":"https:\/\/saf-wien.at\/wpneu\/index.php\/wp-json\/wp\/v2\/posts\/1090\/revisions"}],"predecessor-version":[{"id":4761,"href":"https:\/\/saf-wien.at\/wpneu\/index.php\/wp-json\/wp\/v2\/posts\/1090\/revisions\/4761"}],"wp:featuredmedia":[{"embeddable":true,"href":"https:\/\/saf-wien.at\/wpneu\/index.php\/wp-json\/wp\/v2\/posts\/1080"}],"wp:attachment":[{"href":"https:\/\/saf-wien.at\/wpneu\/index.php\/wp-json\/wp\/v2\/media?parent=1090"}],"wp:term":[{"taxonomy":"category","embeddable":true,"href":"https:\/\/saf-wien.at\/wpneu\/index.php\/wp-json\/wp\/v2\/categories?post=1090"},{"taxonomy":"post_tag","embeddable":true,"href":"https:\/\/saf-wien.at\/wpneu\/index.php\/wp-json\/wp\/v2\/tags?post=1090"}],"curies":[{"name":"wp","href":"https:\/\/api.w.org\/{rel}","templated":true}]}}