{"id":1070,"date":"2019-05-07T19:41:09","date_gmt":"2019-05-07T19:41:09","guid":{"rendered":"https:\/\/saf-wien.at\/wpneu\/index.php\/2019\/05\/07\/maipokal-sissi-wolfgang-memorial-2019\/"},"modified":"2019-05-07T19:41:09","modified_gmt":"2019-05-07T19:41:09","slug":"maipokal-sissi-wolfgang-memorial-2019","status":"publish","type":"post","link":"https:\/\/saf-wien.at\/wpneu\/index.php\/2019\/05\/07\/maipokal-sissi-wolfgang-memorial-2019\/","title":{"rendered":"Maipokal &#8211; Sissi Wolfgang Memorial 2019"},"content":{"rendered":"<p>Am ersten Wochenende im Mai 2019 (Samstag 4. und Sonntag 5. Mai) wurde im Zuge des Maipokals die Landesmeisterschaft von Wien f\u00fcr Laser Master ausgetragen. <br \/>Leider war Wind und Wetter an diesem Wochenende nicht in Einklang.<\/p>\n<p>Am Samstag gab es halbwegs gutes Wetter &#8211; aber keinen Wind. Nur 2 Mal f\u00fcr etwa je 20 Minuten wehte ein brauchbarer Wind. Also 10 Minuten vor dem Start (Flagge Orange) und 10 Minuten nach dem Start. Beide Wettfahrten wurden abgebrochen. <br \/><img decoding=\"async\" src=\"https:\/\/saf-wien.at\/wpneu\/wp-content\/uploads\/2022\/03\/IMG_1611.jpg\" alt=\"Kurz nach einem Start\" \/><\/p>\n<p>Am Abend gab es, wie es von Sissi Wolfgang eingef\u00fchrt wurde, italienische Speisen. Die Lasagne hat allen gut geschmeckt und die Nachspeise (Joghurt-Beerenschnitten mit Biskotten) konnte sich sehen lassen.<\/p>\n<p><img decoding=\"async\" src=\"https:\/\/saf-wien.at\/wpneu\/wp-content\/uploads\/2022\/03\/signal-2019-05-05-200502.jpg\" alt=\"Joghurt-Beerenschnitte\" \/><\/p>\n<p>Am Sonntag gab es zwar guten Wind (Grundwind um die 10 Knoten) &#8211; aber das Wetter war nass und sehr kalt. Somit war das Wasser w\u00e4rmer als die Luft und manche Segler griffen absichtlich ins Wasser um sich die H\u00e4nde zu w\u00e4rmen. <br \/>Nach dem absoluten Minimum (3 Wettfahrten zu 35 Minuten) hatte der Wettfahrtleiter (also ich) und wahrscheinlich auch alle Teilnehmer genug vom Frieren und die Regatta wurde f\u00fcr beendet erkl\u00e4rt. Im beheizten Clubraum warteten bereits warme Getr\u00e4nke auf die Sportler.<\/p>\n<p>Die Siegerehrung fand ebenfalls im Clubraum statt. <br \/><img decoding=\"async\" src=\"https:\/\/saf-wien.at\/wpneu\/wp-content\/uploads\/2022\/03\/DSCN2326.jpg\" alt=\"Preise f\u00fcr Siegerehrung\" \/>Landesmeister von Wien in der Klasse Laser Master wurde Werner gefolgt von Alexander und Alexander. <br \/><img decoding=\"async\" src=\"https:\/\/saf-wien.at\/wpneu\/wp-content\/uploads\/2022\/03\/DSCN2338.jpg\" alt=\"Sieger Landesmeister von Wien in der Klasse Laser Master\" \/>Das Ergebnis ist <a href=\"http:\/\/saf-wien.at\/ergebnisse\/safergebnisse.php#Maipokal\">hier<\/a> zu finden.<\/p>\n","protected":false},"excerpt":{"rendered":"<p>Am ersten Wochenende im Mai 2019 (Samstag 4. und Sonntag 5. Mai) wurde im Zuge des Maipokals die Landesmeisterschaft von Wien f\u00fcr Laser Master ausgetragen. Leider war Wind und Wetter an diesem Wochenende nicht in Einklang. Am Samstag gab es halbwegs gutes Wetter &#8211; aber keinen Wind. Nur 2 Mal f\u00fcr etwa je 20 Minuten &#8230; <a title=\"Maipokal &#8211; Sissi Wolfgang Memorial 2019\" class=\"read-more\" href=\"https:\/\/saf-wien.at\/wpneu\/index.php\/2019\/05\/07\/maipokal-sissi-wolfgang-memorial-2019\/\" aria-label=\"Mehr Informationen \u00fcber Maipokal &#8211; Sissi Wolfgang Memorial 2019\">Weiterlesen<\/a><\/p>\n","protected":false},"author":3,"featured_media":1060,"comment_status":"open","ping_status":"open","sticky":false,"template":"","format":"standard","meta":{"footnotes":""},"categories":[1],"tags":[],"class_list":["post-1070","post","type-post","status-publish","format-standard","has-post-thumbnail","hentry","category-uncategorized"],"_links":{"self":[{"href":"https:\/\/saf-wien.at\/wpneu\/index.php\/wp-json\/wp\/v2\/posts\/1070","targetHints":{"allow":["GET"]}}],"collection":[{"href":"https:\/\/saf-wien.at\/wpneu\/index.php\/wp-json\/wp\/v2\/posts"}],"about":[{"href":"https:\/\/saf-wien.at\/wpneu\/index.php\/wp-json\/wp\/v2\/types\/post"}],"author":[{"embeddable":true,"href":"https:\/\/saf-wien.at\/wpneu\/index.php\/wp-json\/wp\/v2\/users\/3"}],"replies":[{"embeddable":true,"href":"https:\/\/saf-wien.at\/wpneu\/index.php\/wp-json\/wp\/v2\/comments?post=1070"}],"version-history":[{"count":0,"href":"https:\/\/saf-wien.at\/wpneu\/index.php\/wp-json\/wp\/v2\/posts\/1070\/revisions"}],"wp:featuredmedia":[{"embeddable":true,"href":"https:\/\/saf-wien.at\/wpneu\/index.php\/wp-json\/wp\/v2\/posts\/1060"}],"wp:attachment":[{"href":"https:\/\/saf-wien.at\/wpneu\/index.php\/wp-json\/wp\/v2\/media?parent=1070"}],"wp:term":[{"taxonomy":"category","embeddable":true,"href":"https:\/\/saf-wien.at\/wpneu\/index.php\/wp-json\/wp\/v2\/categories?post=1070"},{"taxonomy":"post_tag","embeddable":true,"href":"https:\/\/saf-wien.at\/wpneu\/index.php\/wp-json\/wp\/v2\/tags?post=1070"}],"curies":[{"name":"wp","href":"https:\/\/api.w.org\/{rel}","templated":true}]}}