{"id":1040,"date":"2019-03-28T07:24:12","date_gmt":"2019-03-28T07:24:12","guid":{"rendered":"https:\/\/saf-wien.at\/wpneu\/index.php\/2019\/03\/28\/eine-bayrische-8\/"},"modified":"2019-03-28T07:24:12","modified_gmt":"2019-03-28T07:24:12","slug":"eine-bayrische-8","status":"publish","type":"post","link":"https:\/\/saf-wien.at\/wpneu\/index.php\/2019\/03\/28\/eine-bayrische-8\/","title":{"rendered":"Eine bayrische 8"},"content":{"rendered":"<p>Letztens hat Frank (der Chef) von <a href=\"https:\/\/www.clownsails.de\/\">Clown Sails<\/a> eine gro\u00dfe Lieferung von Segeln (haupts\u00e4chlich f\u00fcr Pirat) nach Wien gebracht. <br \/>Er selbst ist in Hamburg zu Hause &#8211; das ist f\u00fcr die nachfolgende Geschichte wichtig. <br \/>Nach der \u00dcbergabe hat er einiges \u00fcber das Segel machen sowie \u00fcber Segeltrimm erkl\u00e4rt. Dabei hat er auch einen Schwank aus seinem Segelleben erz\u00e4hlt.<\/p>\n<p>Es war einmal bei einer deutschen Meisterschaft am Bodensee. Es gab schon einige Tage hintereinander nur schwachen Wind. Er hat sich gewundert, woher die ganzen \u00d6lgem\u00e4lde in den dortigen Segelvereinen kamen. Auf diesen waren Boote ohne Masten, zerfetzte Segeln und ein gewaltiger Sturm am Bodensee zu sehen. Er fragte laut, wer denn das Original gemalt hat und ob es \u00fcberhaupt eine reale Vorlage daf\u00fcr g\u00e4be.<\/p>\n<p>Ein Einheimischer erz\u00e4hlte ihm, dass morgen wieder das Wetter g\u00fcnstig f\u00fcr einen starken Wind bzw. Sturm ist. Es wird aufklaren, die Alpen werden zum Greifen nah erscheinen und er sagte zu ihm &#8222;Schau auf keinen Fall nach Luv.&#8220; <br \/>Frank fragte &#8222;Warum?&#8220; <br \/>Die Antwort war &#8222;Dann ertrinkst du.&#8220;<\/p>\n<p>Am n\u00e4chsten Tag war das Wetter wirklich anders. Es hat aufgerissen, die Wolken waren weg und die Alpen erschienen wirklich n\u00e4her. <br \/>Beim Auslaufen sagte Frank zu seiner Crew &#8222;Vorsicht! Immer flach atmen und nicht nach Luv schauen.&#8220;<\/p>\n<p>Es war ein guter Segeltag mit viel Wind. Etwa 8 Beaufort. Bayrische 8 Beaufort. Also reale 4 Beaufort.<\/p>\n","protected":false},"excerpt":{"rendered":"<p>Letztens hat Frank (der Chef) von Clown Sails eine gro\u00dfe Lieferung von Segeln (haupts\u00e4chlich f\u00fcr Pirat) nach Wien gebracht. Er selbst ist in Hamburg zu Hause &#8211; das ist f\u00fcr die nachfolgende Geschichte wichtig. Nach der \u00dcbergabe hat er einiges \u00fcber das Segel machen sowie \u00fcber Segeltrimm erkl\u00e4rt. Dabei hat er auch einen Schwank aus &#8230; <a title=\"Eine bayrische 8\" class=\"read-more\" href=\"https:\/\/saf-wien.at\/wpneu\/index.php\/2019\/03\/28\/eine-bayrische-8\/\" aria-label=\"Mehr Informationen \u00fcber Eine bayrische 8\">Weiterlesen<\/a><\/p>\n","protected":false},"author":3,"featured_media":1030,"comment_status":"open","ping_status":"open","sticky":false,"template":"","format":"standard","meta":{"footnotes":""},"categories":[1],"tags":[],"class_list":["post-1040","post","type-post","status-publish","format-standard","has-post-thumbnail","hentry","category-uncategorized"],"_links":{"self":[{"href":"https:\/\/saf-wien.at\/wpneu\/index.php\/wp-json\/wp\/v2\/posts\/1040","targetHints":{"allow":["GET"]}}],"collection":[{"href":"https:\/\/saf-wien.at\/wpneu\/index.php\/wp-json\/wp\/v2\/posts"}],"about":[{"href":"https:\/\/saf-wien.at\/wpneu\/index.php\/wp-json\/wp\/v2\/types\/post"}],"author":[{"embeddable":true,"href":"https:\/\/saf-wien.at\/wpneu\/index.php\/wp-json\/wp\/v2\/users\/3"}],"replies":[{"embeddable":true,"href":"https:\/\/saf-wien.at\/wpneu\/index.php\/wp-json\/wp\/v2\/comments?post=1040"}],"version-history":[{"count":0,"href":"https:\/\/saf-wien.at\/wpneu\/index.php\/wp-json\/wp\/v2\/posts\/1040\/revisions"}],"wp:featuredmedia":[{"embeddable":true,"href":"https:\/\/saf-wien.at\/wpneu\/index.php\/wp-json\/"}],"wp:attachment":[{"href":"https:\/\/saf-wien.at\/wpneu\/index.php\/wp-json\/wp\/v2\/media?parent=1040"}],"wp:term":[{"taxonomy":"category","embeddable":true,"href":"https:\/\/saf-wien.at\/wpneu\/index.php\/wp-json\/wp\/v2\/categories?post=1040"},{"taxonomy":"post_tag","embeddable":true,"href":"https:\/\/saf-wien.at\/wpneu\/index.php\/wp-json\/wp\/v2\/tags?post=1040"}],"curies":[{"name":"wp","href":"https:\/\/api.w.org\/{rel}","templated":true}]}}