{"id":1010,"date":"2019-01-29T06:47:11","date_gmt":"2019-01-29T06:47:11","guid":{"rendered":"https:\/\/saf-wien.at\/wpneu\/index.php\/2019\/01\/29\/korrektur-termine-2019-2\/"},"modified":"2019-01-29T06:47:11","modified_gmt":"2019-01-29T06:47:11","slug":"korrektur-termine-2019-2","status":"publish","type":"post","link":"https:\/\/saf-wien.at\/wpneu\/index.php\/2019\/01\/29\/korrektur-termine-2019-2\/","title":{"rendered":"Korrektur Termine 2019"},"content":{"rendered":"<p>Leider gab es bei der vorhergehenden Terminliste f\u00fcr 2019 einen Fehler. Die ASK\u00d6-Meisterschaft findet nat\u00fcrlich am Samstag den 5. Oktober statt. (@J\u00f6rg: Vielen Dank f\u00fcr das Erkennen und Melden des Fehlers) <br \/>Hier die korrigierte Liste mit Wochentagen der Termine f\u00fcr das Jahr 2019. <br \/>In folgender Tabelle sind auch die ersten Vereinsabend-Termine f\u00fcr 2020 angef\u00fchrt.<\/p>\n<p>Legende:<\/p>\n<ul>\n<li>\n<p><font color=\"blue\">Vereinsabende sind blau<\/font><\/p>\n<\/li>\n<li>\n<p><font color=\"green\">Arbeitseins\u00e4tze sind gr\u00fcn<\/font><\/p>\n<\/li>\n<li>\n<p><font color=\"red\">Regatten sind rot<\/font><\/p>\n<\/li>\n<\/ul>\n<table>\n<tr>\n<td colspan=\"2\" style=\"text-align: center\"><b>J\u00e4nner<\/b><\/td>\n<\/tr>\n<tr>\n<td>Mo. 14.<\/td>\n<td><font color=\"blue\">Vereinsabend<\/font><\/td>\n<tr>\n<td colspan=\"2\" style=\"text-align: center\"><b>Februar<\/b><\/td>\n<\/tr>\n<tr>\n<td>Mo. 11.<\/td>\n<td><font color=\"blue\">Vereinsabend<\/font><\/td>\n<tr>\n<td colspan=\"2\" style=\"text-align: center\"><b>M\u00e4rz<\/b><\/td>\n<\/tr>\n<tr>\n<td>Mo. 11.<\/td>\n<td><font color=\"blue\">Gemeralversammlung<\/font><\/td>\n<tr>\n<td>Sa. 23.<\/td>\n<td><font color=\"green\">Auswintern<\/font><\/td>\n<\/tr>\n<tr>\n<td>Sa. 30.<\/td>\n<td><font color=\"green\">Auswintern Teil 2 (u.a. f\u00fcr Vereinsboote)<\/font><\/td>\n<\/tr>\n<tr>\n<td colspan=\"2\" style=\"text-align: center\"><b>April<\/b><\/td>\n<\/tr>\n<tr>\n<td>Mo. 1.<\/td>\n<td><font color=\"red\">Start Vereinsmeisterschaft<\/font><\/td>\n<\/tr>\n<tr>\n<td colspan=\"2\" style=\"text-align: center\"><b>Mai<\/b><\/td>\n<\/tr>\n<tr>\n<td>Sa. 4. &#8211; So. 5.<\/td>\n<td><font color=\"red\">Maipokal \u2013 Sissi Wolfgang Memorial (LM Laser Master)<\/font><\/td>\n<\/tr>\n<tr>\n<td>Mi. 15.<\/td>\n<td><font color=\"blue\">Grillen nach Training<\/font><\/td>\n<tr>\n<td>Fr. 17. oder Sa. 18.<\/td>\n<td><font color=\"blue\">Vollmondfahrt<\/font><\/td>\n<tr>\n<td colspan=\"2\" style=\"text-align: center\"><b>Juni<\/b><\/td>\n<\/tr>\n<tr>\n<td>Mi. 12.<\/td>\n<td><font color=\"blue\">Grillen nach Training<\/font><\/td>\n<tr>\n<td>22. &#8211; 23.<\/td>\n<td><font color=\"red\">Donauinselfestregatta &#8211; Werner Dohnal Memorial (Pirat SP; LM LaserR)<\/font><\/td>\n<\/tr>\n<tr>\n<td colspan=\"2\" style=\"text-align: center\"><b>Juli<\/b><\/td>\n<\/tr>\n<tr>\n<td>Mo. 1.<\/td>\n<td><font color=\"blue\">Grillen zum Sommerferienanfang<\/font><\/td>\n<\/tr>\n<tr>\n<td>Mi. 10.<\/td>\n<td><font color=\"blue\">Grillen nach Training<\/font><\/td>\n<tr>\n<td colspan=\"2\" style=\"text-align: center\"><b>August<\/b><\/td>\n<\/tr>\n<tr>\n<td>Mo. 5.<\/td>\n<td><font color=\"blue\">Palatschinken mit Eis usw.<\/font><\/td>\n<\/tr>\n<tr>\n<td>Mi. 14.<\/td>\n<td><font color=\"blue\">Grillen nach Training<\/font><\/td>\n<tr>\n<td>Sa. 24.<\/td>\n<td><font color=\"red\">Clubregatta &#8222;Ferienausklang&#8220; (YS)<\/font><\/td>\n<\/tr>\n<tr>\n<td colspan=\"2\" style=\"text-align: center\"><b>September<\/b><\/td>\n<\/tr>\n<tr>\n<td>Mo. 2.<\/td>\n<td><font color=\"blue\">Essen zum Schulbeginn<\/font><\/td>\n<\/tr>\n<tr>\n<td>Mi. 11.<\/td>\n<td><font color=\"blue\">Grillen nach Training<\/font><\/td>\n<tr>\n<td>Mo. 30.<\/td>\n<td><font color=\"red\">Ende Vereinsmeisterschaft<\/font><\/td>\n<\/tr>\n<tr>\n<td colspan=\"2\" style=\"text-align: center\"><b>Oktober<\/b><\/td>\n<\/tr>\n<tr>\n<td>Sa. 5.<\/td>\n<td><font color=\"red\">Offene ASK\u00d6 Meisterschaft &#8211; Helmut Glaser Memorial (YS; Optimist)<\/font><\/td>\n<\/tr>\n<tr>\n<td>Sa. 26.<\/td>\n<td><font color=\"red\">Gro\u00dfer Herbstpreis (YS)<\/font><\/td>\n<\/tr>\n<tr>\n<td colspan=\"2\" style=\"text-align: center\"><b>November<\/b><\/td>\n<\/tr>\n<tr>\n<td>Sa. 9.<\/td>\n<td><font color=\"green\">Einwintern<\/font><\/td>\n<\/tr>\n<tr>\n<td>Mo. 11.<\/td>\n<td><font color=\"blue\">Vereinsabend mit Siegerehrung der Vereinsmeisterschaft<\/font><\/td>\n<\/tr>\n<tr>\n<td colspan=\"2\" style=\"text-align: center\"><b>Dezember<\/b><\/td>\n<\/tr>\n<tr>\n<td>Mo. 9.<\/td>\n<td><font color=\"blue\">Weihnachtsfeier<\/font><\/td>\n<\/tr>\n<tr>\n<td colspan=\"2\">\n<hr \/>\n<td><\/tr>\n<tr>\n<td colspan=\"2\" style=\"text-align: center\"><b>J\u00e4nner 2020<\/b><\/td>\n<\/tr>\n<tr>\n<td>Mo. 13.<\/td>\n<td><font color=\"blue\">Vereinsabend<\/font><\/td>\n<\/tr>\n<tr>\n<td colspan=\"2\" style=\"text-align: center\"><b>Februar 2020<\/b><\/td>\n<\/tr>\n<tr>\n<td>Mo. 10.<\/td>\n<td><font color=\"blue\">Vereinsabend<\/font><\/td>\n<\/tr>\n<tr>\n<td colspan=\"2\" style=\"text-align: center\"><b>M\u00e4rz 2020<\/b><\/td>\n<\/tr>\n<tr>\n<td>Mo. 9.<\/td>\n<td><font color=\"blue\">Jahreshauptversammlung<\/font><\/td>\n<\/tr>\n<\/table>\n","protected":false},"excerpt":{"rendered":"<p>Leider gab es bei der vorhergehenden Terminliste f\u00fcr 2019 einen Fehler. Die ASK\u00d6-Meisterschaft findet nat\u00fcrlich am Samstag den 5. Oktober statt. (@J\u00f6rg: Vielen Dank f\u00fcr das Erkennen und Melden des Fehlers) Hier die korrigierte Liste mit Wochentagen der Termine f\u00fcr das Jahr 2019. In folgender Tabelle sind auch die ersten Vereinsabend-Termine f\u00fcr 2020 angef\u00fchrt. Legende: &#8230; <a title=\"Korrektur Termine 2019\" class=\"read-more\" href=\"https:\/\/saf-wien.at\/wpneu\/index.php\/2019\/01\/29\/korrektur-termine-2019-2\/\" aria-label=\"Mehr Informationen \u00fcber Korrektur Termine 2019\">Weiterlesen<\/a><\/p>\n","protected":false},"author":3,"featured_media":1000,"comment_status":"open","ping_status":"open","sticky":false,"template":"","format":"standard","meta":{"footnotes":""},"categories":[1],"tags":[],"class_list":["post-1010","post","type-post","status-publish","format-standard","has-post-thumbnail","hentry","category-uncategorized"],"_links":{"self":[{"href":"https:\/\/saf-wien.at\/wpneu\/index.php\/wp-json\/wp\/v2\/posts\/1010","targetHints":{"allow":["GET"]}}],"collection":[{"href":"https:\/\/saf-wien.at\/wpneu\/index.php\/wp-json\/wp\/v2\/posts"}],"about":[{"href":"https:\/\/saf-wien.at\/wpneu\/index.php\/wp-json\/wp\/v2\/types\/post"}],"author":[{"embeddable":true,"href":"https:\/\/saf-wien.at\/wpneu\/index.php\/wp-json\/wp\/v2\/users\/3"}],"replies":[{"embeddable":true,"href":"https:\/\/saf-wien.at\/wpneu\/index.php\/wp-json\/wp\/v2\/comments?post=1010"}],"version-history":[{"count":0,"href":"https:\/\/saf-wien.at\/wpneu\/index.php\/wp-json\/wp\/v2\/posts\/1010\/revisions"}],"wp:featuredmedia":[{"embeddable":true,"href":"https:\/\/saf-wien.at\/wpneu\/index.php\/wp-json\/wp\/v2\/posts\/1000"}],"wp:attachment":[{"href":"https:\/\/saf-wien.at\/wpneu\/index.php\/wp-json\/wp\/v2\/media?parent=1010"}],"wp:term":[{"taxonomy":"category","embeddable":true,"href":"https:\/\/saf-wien.at\/wpneu\/index.php\/wp-json\/wp\/v2\/categories?post=1010"},{"taxonomy":"post_tag","embeddable":true,"href":"https:\/\/saf-wien.at\/wpneu\/index.php\/wp-json\/wp\/v2\/tags?post=1010"}],"curies":[{"name":"wp","href":"https:\/\/api.w.org\/{rel}","templated":true}]}}