{"id":100,"date":"2016-11-05T20:43:23","date_gmt":"2016-11-05T20:43:23","guid":{"rendered":"https:\/\/saf-wien.at\/wpneu\/index.php\/2016\/11\/05\/einwintern-oder-halle-full-dich\/"},"modified":"2016-11-05T20:43:23","modified_gmt":"2016-11-05T20:43:23","slug":"einwintern-oder-halle-full-dich","status":"publish","type":"post","link":"https:\/\/saf-wien.at\/wpneu\/index.php\/2016\/11\/05\/einwintern-oder-halle-full-dich\/","title":{"rendered":"Einwintern &#8211; oder: Halle, f\u00fcll dich"},"content":{"rendered":"<p>Jedes Jahr im Sp\u00e4therbst, wenn die Bl\u00e4tter fallen, die Temperaturen ebenso und die Tage k\u00fcrzer werden, werden die Boote von ihren Stegen geholt und in der gro\u00dfen SAF Bootshalle eingelagert, um sie vor zu gro\u00dfer K\u00e4lte zu sch\u00fctzen.<\/p>\n<p><img decoding=\"async\" src=\"https:\/\/saf-wien.at\/wpneu\/wp-content\/uploads\/2022\/03\/DSC_1266.jpg\" alt=\"\" \/>Um 10 Uhr ist die Halle noch fast leer&#8230; <\/p>\n<p><img decoding=\"async\" src=\"https:\/\/saf-wien.at\/wpneu\/wp-content\/uploads\/2022\/03\/DSC_1277.jpg\" alt=\"\" \/>&#8230; Um 11 Uhr sind schon viele Boote aufgeh\u00e4ngt&#8230; <\/p>\n<p><img decoding=\"async\" src=\"https:\/\/saf-wien.at\/wpneu\/wp-content\/uploads\/2022\/03\/DSC_1292.jpg\" alt=\"\" \/>&#8230; und um 12 sind wir schon fast fertig.<\/p>\n<p><img decoding=\"async\" src=\"https:\/\/saf-wien.at\/wpneu\/wp-content\/uploads\/2022\/03\/DSC_1294.jpg\" alt=\"\" \/>Auch der Bootsanh\u00e4nger, der mit uns die letzten 2 Jahre durch halb Europa gefahren ist, wird auf Hochglanz gebracht. <\/p>\n","protected":false},"excerpt":{"rendered":"<p>Jedes Jahr im Sp\u00e4therbst, wenn die Bl\u00e4tter fallen, die Temperaturen ebenso und die Tage k\u00fcrzer werden, werden die Boote von ihren Stegen geholt und in der gro\u00dfen SAF Bootshalle eingelagert, um sie vor zu gro\u00dfer K\u00e4lte zu sch\u00fctzen. Um 10 Uhr ist die Halle noch fast leer&#8230; &#8230; Um 11 Uhr sind schon viele Boote &#8230; <a title=\"Einwintern &#8211; oder: Halle, f\u00fcll dich\" class=\"read-more\" href=\"https:\/\/saf-wien.at\/wpneu\/index.php\/2016\/11\/05\/einwintern-oder-halle-full-dich\/\" aria-label=\"Mehr Informationen \u00fcber Einwintern &#8211; oder: Halle, f\u00fcll dich\">Weiterlesen<\/a><\/p>\n","protected":false},"author":1,"featured_media":90,"comment_status":"open","ping_status":"open","sticky":false,"template":"","format":"standard","meta":{"footnotes":""},"categories":[1],"tags":[4],"class_list":["post-100","post","type-post","status-publish","format-standard","has-post-thumbnail","hentry","category-uncategorized","tag-neuigkeiten"],"_links":{"self":[{"href":"https:\/\/saf-wien.at\/wpneu\/index.php\/wp-json\/wp\/v2\/posts\/100","targetHints":{"allow":["GET"]}}],"collection":[{"href":"https:\/\/saf-wien.at\/wpneu\/index.php\/wp-json\/wp\/v2\/posts"}],"about":[{"href":"https:\/\/saf-wien.at\/wpneu\/index.php\/wp-json\/wp\/v2\/types\/post"}],"author":[{"embeddable":true,"href":"https:\/\/saf-wien.at\/wpneu\/index.php\/wp-json\/wp\/v2\/users\/1"}],"replies":[{"embeddable":true,"href":"https:\/\/saf-wien.at\/wpneu\/index.php\/wp-json\/wp\/v2\/comments?post=100"}],"version-history":[{"count":0,"href":"https:\/\/saf-wien.at\/wpneu\/index.php\/wp-json\/wp\/v2\/posts\/100\/revisions"}],"wp:featuredmedia":[{"embeddable":true,"href":"https:\/\/saf-wien.at\/wpneu\/index.php\/wp-json\/"}],"wp:attachment":[{"href":"https:\/\/saf-wien.at\/wpneu\/index.php\/wp-json\/wp\/v2\/media?parent=100"}],"wp:term":[{"taxonomy":"category","embeddable":true,"href":"https:\/\/saf-wien.at\/wpneu\/index.php\/wp-json\/wp\/v2\/categories?post=100"},{"taxonomy":"post_tag","embeddable":true,"href":"https:\/\/saf-wien.at\/wpneu\/index.php\/wp-json\/wp\/v2\/tags?post=100"}],"curies":[{"name":"wp","href":"https:\/\/api.w.org\/{rel}","templated":true}]}}